{"id":43332,"date":"2022-03-02T12:53:43","date_gmt":"2022-03-02T18:53:43","guid":{"rendered":"https:\/\/nvnoticias.mx\/?p=43332"},"modified":"2022-03-02T12:53:44","modified_gmt":"2022-03-02T18:53:44","slug":"othon-candanedo-no-participara-en-revision-a-su-gestion-en-el-congreso-local","status":"publish","type":"post","link":"https:\/\/nvnoticias.mx\/index.php\/2022\/03\/02\/othon-candanedo-no-participara-en-revision-a-su-gestion-en-el-congreso-local\/","title":{"rendered":"Oth\u00f3n Candanedo no participar\u00e1 en revisi\u00f3n a su gesti\u00f3n en el Congreso local"},"content":{"rendered":"\n<p><strong>Sam Ojeda\u00a0\/ NV Noticias<\/strong><\/p>\n\n\n\n<p>Xalapa.- El diputado local panista Oth\u00f3n Hern\u00e1ndez Candanedo dijo que se excusar\u00e1 de atender los dict\u00e1menes del Ayuntamiento de Misantla con respecto a la pasada administraci\u00f3n que \u00e9l presidi\u00f3 y que ahora tocar\u00eda revisar como parte de la Comisi\u00f3n de Vigilancia en el Congreso de Veracruz. <\/p>\n\n\n\n<p>En entrevista, asegur\u00f3 que no le preocupa que su hermano, el actual alcalde de Misantla, Javier Hern\u00e1ndez Candanedo, haya dicho que presentar\u00e1n denuncias si encuentran irregularidades \u201ccaiga quien caiga\u201d.<\/p>\n\n\n\n<blockquote class=\"wp-block-quote is-layout-flow wp-block-quote-is-layout-flow\"><p>\u201c<em>Yo me siento tranquilo, trabajando a favor de Veracruz; todos los ayuntamientos tienen un periodo para emitir sus dict\u00e1menes y los llevar\u00e1n al Congreso. Ya ser\u00e1 el Orfis y el propio Congreso quien le d\u00e9 seguimiento al tema de la vigilancia<\/em>\u201d.<\/p><\/blockquote>\n\n\n\n<p>Agreg\u00f3 que una vez que el tema llegue al Congreso de Veracruz, como vocal de la Comisi\u00f3n de Vigilancia se excusar\u00e1 para no conocer del tema, aunque dijo que no hay nada que le impida no atenderlo. \u00a0<\/p>\n\n\n\n<blockquote class=\"wp-block-quote is-layout-flow wp-block-quote-is-layout-flow\"><p>\u201c<em>No hay ninguna ley que impida ser parte de la comisi\u00f3n; en el tema de Misantla no formar\u00e9 parte para revisar porque es lo m\u00e1s sano, no podemos ser juez y parte pero no hay una ley que lo impida. Dentro de la Comisi\u00f3n no solo estoy yo como ex alcalde hay otro compa\u00f1ero que est\u00e1 en la misma situaci\u00f3n<\/em>\u201d.<\/p><\/blockquote>\n\n\n\n<p>Y confi\u00f3 en que la revisi\u00f3n que haga el \u00d3rgano de Fiscalizaci\u00f3n Superior (Orfis) no tenga tintes partidistas o el fin de afectar a alg\u00fan funcionario. \u00a0<\/p>\n\n\n\n<blockquote class=\"wp-block-quote is-layout-flow wp-block-quote-is-layout-flow\"><p>\u201c<em>El Orfis siempre ha trabajado tiene una autonom\u00eda y han venido trabajando, se ha manejado 100 por ciento profesional, espero que siga as\u00ed<\/em>\u201d.<\/p><\/blockquote>\n","protected":false},"excerpt":{"rendered":"<p>Sam Ojeda\u00a0\/ NV Noticias Xalapa.- El diputado local panista Oth\u00f3n Hern\u00e1ndez Candanedo dijo que se excusar\u00e1 de atender los dict\u00e1menes del Ayuntamiento de Misantla con respecto a la pasada administraci\u00f3n que \u00e9l presidi\u00f3 y que ahora tocar\u00eda revisar como parte de la Comisi\u00f3n de Vigilancia en el Congreso de Veracruz. En entrevista, asegur\u00f3 que no [&hellip;]<\/p>\n","protected":false},"author":8,"featured_media":43336,"comment_status":"open","ping_status":"open","sticky":false,"template":"","format":"standard","meta":{"_monsterinsights_skip_tracking":false,"_monsterinsights_sitenote_active":false,"_monsterinsights_sitenote_note":"","_monsterinsights_sitenote_category":0,"footnotes":""},"categories":[158],"tags":[9300,11160,11159],"class_list":["post-43332","post","type-post","status-publish","format-standard","has-post-thumbnail","hentry","category-politica","tag-congreso-local","tag-gestion","tag-othon-candanedo","wp-image-borders"],"amp_enabled":true,"_links":{"self":[{"href":"https:\/\/nvnoticias.mx\/index.php\/wp-json\/wp\/v2\/posts\/43332","targetHints":{"allow":["GET"]}}],"collection":[{"href":"https:\/\/nvnoticias.mx\/index.php\/wp-json\/wp\/v2\/posts"}],"about":[{"href":"https:\/\/nvnoticias.mx\/index.php\/wp-json\/wp\/v2\/types\/post"}],"author":[{"embeddable":true,"href":"https:\/\/nvnoticias.mx\/index.php\/wp-json\/wp\/v2\/users\/8"}],"replies":[{"embeddable":true,"href":"https:\/\/nvnoticias.mx\/index.php\/wp-json\/wp\/v2\/comments?post=43332"}],"version-history":[{"count":1,"href":"https:\/\/nvnoticias.mx\/index.php\/wp-json\/wp\/v2\/posts\/43332\/revisions"}],"predecessor-version":[{"id":43337,"href":"https:\/\/nvnoticias.mx\/index.php\/wp-json\/wp\/v2\/posts\/43332\/revisions\/43337"}],"wp:featuredmedia":[{"embeddable":true,"href":"https:\/\/nvnoticias.mx\/index.php\/wp-json\/wp\/v2\/media\/43336"}],"wp:attachment":[{"href":"https:\/\/nvnoticias.mx\/index.php\/wp-json\/wp\/v2\/media?parent=43332"}],"wp:term":[{"taxonomy":"category","embeddable":true,"href":"https:\/\/nvnoticias.mx\/index.php\/wp-json\/wp\/v2\/categories?post=43332"},{"taxonomy":"post_tag","embeddable":true,"href":"https:\/\/nvnoticias.mx\/index.php\/wp-json\/wp\/v2\/tags?post=43332"}],"curies":[{"name":"wp","href":"https:\/\/api.w.org\/{rel}","templated":true}]}}