{"id":43318,"date":"2022-03-02T12:28:34","date_gmt":"2022-03-02T18:28:34","guid":{"rendered":"https:\/\/nvnoticias.mx\/?p=43318"},"modified":"2022-03-02T12:28:36","modified_gmt":"2022-03-02T18:28:36","slug":"sedarpa-retrasa-instalacion-del-consejo-veracruzano-del-cafe","status":"publish","type":"post","link":"https:\/\/nvnoticias.mx\/index.php\/2022\/03\/02\/sedarpa-retrasa-instalacion-del-consejo-veracruzano-del-cafe\/","title":{"rendered":"Sedarpa retrasa instalaci\u00f3n del Consejo Veracruzano del Caf\u00e9"},"content":{"rendered":"\n<p><strong>Sam Ojeda\u00a0\/ NV Noticias<\/strong><\/p>\n\n\n\n<p>Xalapa.- La Secretar\u00eda de Desarrollo Agropecuario, Rural y Pesca (Sedarpa) no cuenta con un padr\u00f3n actualizado de productores de caf\u00e9 en Veracruz y esto impide que lleguen m\u00e1s recursos para el sector, asegur\u00f3 la diputada Nora Jessica Lagunes J\u00e1uregui.<\/p>\n\n\n\n<p>En entrevista, la presidenta de la Comisi\u00f3n especial para el fortalecimiento del caf\u00e9 veracruzano, indic\u00f3 que han solicitado al titular de la dependencia Evaristo Obando que d\u00e9 celeridad a este y otros temas, como la instalaci\u00f3n del Consejo Veracruzano del Caf\u00e9. \u00a0<\/p>\n\n\n\n<blockquote class=\"wp-block-quote is-layout-flow wp-block-quote-is-layout-flow\"><p>\u201c<em>No podemos seguir exigiendo recursos para los cafetaleros cuando en realidad no tenemos un padr\u00f3n real, eso es lo que en su momento ha impedido que haya un verdadero avance, puede haber recurso pero si no hay padr\u00f3n real, no se puede hacer nada<\/em>\u201d.<\/p><\/blockquote>\n\n\n\n<p>La panista exigi\u00f3 que se instale el Consejo Veracruzano del Caf\u00e9 a fin de que pueda funcionar de inmediato, ya que record\u00f3 que realizaron esta modificaci\u00f3n a la ley desde el Congreso de Veracruz.\u00a0<\/p>\n\n\n\n<p>Agreg\u00f3 que son 90 d\u00edas para que las modificaciones que se aprobaron se apliquen y est\u00e1 por fenecer, por lo cual dijo es necesario que las reformas no se queden como \u201cletra muerta\u201d.<\/p>\n\n\n\n<blockquote class=\"wp-block-quote is-layout-flow wp-block-quote-is-layout-flow\"><p>\u201c<em>La ley prev\u00e9 sanciones de tipo administrativo (si no se acata la reforma), pero yo creo que no tiene caso llegar a eso porque se trata de un beneficio para el sector agropecuario<\/em>\u201d.\u00a0<\/p><\/blockquote>\n","protected":false},"excerpt":{"rendered":"<p>Sam Ojeda\u00a0\/ NV Noticias Xalapa.- La Secretar\u00eda de Desarrollo Agropecuario, Rural y Pesca (Sedarpa) no cuenta con un padr\u00f3n actualizado de productores de caf\u00e9 en Veracruz y esto impide que lleguen m\u00e1s recursos para el sector, asegur\u00f3 la diputada Nora Jessica Lagunes J\u00e1uregui. En entrevista, la presidenta de la Comisi\u00f3n especial para el fortalecimiento del [&hellip;]<\/p>\n","protected":false},"author":8,"featured_media":25699,"comment_status":"open","ping_status":"open","sticky":false,"template":"","format":"standard","meta":{"_monsterinsights_skip_tracking":false,"_monsterinsights_sitenote_active":false,"_monsterinsights_sitenote_note":"","_monsterinsights_sitenote_category":0,"footnotes":""},"categories":[156],"tags":[11151,2521],"class_list":["post-43318","post","type-post","status-publish","format-standard","has-post-thumbnail","hentry","category-estado","tag-consejo-veracruzano-del-cafe","tag-sedarpa","wp-image-borders"],"amp_enabled":true,"_links":{"self":[{"href":"https:\/\/nvnoticias.mx\/index.php\/wp-json\/wp\/v2\/posts\/43318","targetHints":{"allow":["GET"]}}],"collection":[{"href":"https:\/\/nvnoticias.mx\/index.php\/wp-json\/wp\/v2\/posts"}],"about":[{"href":"https:\/\/nvnoticias.mx\/index.php\/wp-json\/wp\/v2\/types\/post"}],"author":[{"embeddable":true,"href":"https:\/\/nvnoticias.mx\/index.php\/wp-json\/wp\/v2\/users\/8"}],"replies":[{"embeddable":true,"href":"https:\/\/nvnoticias.mx\/index.php\/wp-json\/wp\/v2\/comments?post=43318"}],"version-history":[{"count":1,"href":"https:\/\/nvnoticias.mx\/index.php\/wp-json\/wp\/v2\/posts\/43318\/revisions"}],"predecessor-version":[{"id":43320,"href":"https:\/\/nvnoticias.mx\/index.php\/wp-json\/wp\/v2\/posts\/43318\/revisions\/43320"}],"wp:featuredmedia":[{"embeddable":true,"href":"https:\/\/nvnoticias.mx\/index.php\/wp-json\/wp\/v2\/media\/25699"}],"wp:attachment":[{"href":"https:\/\/nvnoticias.mx\/index.php\/wp-json\/wp\/v2\/media?parent=43318"}],"wp:term":[{"taxonomy":"category","embeddable":true,"href":"https:\/\/nvnoticias.mx\/index.php\/wp-json\/wp\/v2\/categories?post=43318"},{"taxonomy":"post_tag","embeddable":true,"href":"https:\/\/nvnoticias.mx\/index.php\/wp-json\/wp\/v2\/tags?post=43318"}],"curies":[{"name":"wp","href":"https:\/\/api.w.org\/{rel}","templated":true}]}}