{"id":43250,"date":"2022-03-02T09:21:37","date_gmt":"2022-03-02T15:21:37","guid":{"rendered":"https:\/\/nvnoticias.mx\/?p=43250"},"modified":"2022-03-02T11:01:18","modified_gmt":"2022-03-02T17:01:18","slug":"iglesia-catolica-realiza-misas-por-el-miercoles-de-ceniza","status":"publish","type":"post","link":"https:\/\/nvnoticias.mx\/index.php\/2022\/03\/02\/iglesia-catolica-realiza-misas-por-el-miercoles-de-ceniza\/","title":{"rendered":"Iglesia Cat\u00f3lica realiza misas por el Mi\u00e9rcoles de Ceniza"},"content":{"rendered":"\n<p><strong>Jes\u00fas Utrilla | NV Noticias<\/strong> <br>La Catedral de Veracruz inici\u00f3 con las misas, para colocar la ceniza a los feligreses.<br>La homil\u00eda es oficiada por el Obispo, Carlos Brise\u00f1o Arch.<br>Es de destacar que la misa se realiza con las medidas sanitarias, incluso por segundo a\u00f1o consecutivo la ceniza se aplicar\u00e1 sin tocar a los creyentes, como parte de los protocolos preventivos.<\/p>\n\n\n\n<p>Las pr\u00e1cticas religiosas tambi\u00e9n ser\u00e1n apegadas a esquemas seguros en materia sanitaria.<br>Habr\u00e1 misa a las 8:00 de la ma\u00f1ana, 12:00 del d\u00eda y 7:00 de la noche, pero la colocaci\u00f3n de ceniza ser\u00e1 de 8:00 de la ma\u00f1ana a 1:00 de la tarde y de 5:00 de la tarde a 8:00 de la noche.<br>El Viacrucis se realizar\u00e1 el viernes, de manera interna a fin de prevenir contagios.<\/p>\n\n\n\n<p>A pesar del coronavirus y las restricciones, acudieron desde muy temprano mujeres, ni\u00f1os y j\u00f3venes, pero sobre todo adultos mayores a recibir la unci\u00f3n de la cenizas.<br>Los feligreses que en su mayor\u00eda son adultos dijeron que la fecha tiene un valor significativo para ellos como cat\u00f3licos.<br>En algunos casos la costumbre se adquiri\u00f3 de los padres.<\/p>\n\n\n\n<blockquote class=\"wp-block-quote is-layout-flow wp-block-quote-is-layout-flow\"><p><br>\u201cSiempre acudo, yo no salgo de esta iglesia, siempre estoy aqu\u00ed en la Catedral\u201d, dijo la se\u00f1ora Amalias<\/p><\/blockquote>\n\n\n\n<p><br>El Mi\u00e9rcoles de Ceniza se celebra 40 d\u00edas antes del Jueves Santo, d\u00eda en que comienza la semana santa.<br>Es un d\u00eda importante para todos los cat\u00f3licos.<br>La ceniza constituye la caracter\u00edstica de la celebraci\u00f3n lit\u00fargica del inicio de la Cuaresma.<\/p>\n","protected":false},"excerpt":{"rendered":"<p>Jes\u00fas Utrilla | NV Noticias La Catedral de Veracruz inici\u00f3 con las misas, para colocar la ceniza a los feligreses.La homil\u00eda es oficiada por el Obispo, Carlos Brise\u00f1o Arch.Es de destacar que la misa se realiza con las medidas sanitarias, incluso por segundo a\u00f1o consecutivo la ceniza se aplicar\u00e1 sin tocar a los creyentes, como [&hellip;]<\/p>\n","protected":false},"author":35,"featured_media":43294,"comment_status":"open","ping_status":"open","sticky":false,"template":"","format":"standard","meta":{"_monsterinsights_skip_tracking":false,"_monsterinsights_sitenote_active":false,"_monsterinsights_sitenote_note":"","_monsterinsights_sitenote_category":0,"footnotes":""},"categories":[154],"tags":[2708,1407,11134],"class_list":["post-43250","post","type-post","status-publish","format-standard","has-post-thumbnail","hentry","category-veracruz","tag-iglesia-catolica","tag-miercoles-de-ceniza","tag-misas","wp-image-borders"],"amp_enabled":true,"_links":{"self":[{"href":"https:\/\/nvnoticias.mx\/index.php\/wp-json\/wp\/v2\/posts\/43250","targetHints":{"allow":["GET"]}}],"collection":[{"href":"https:\/\/nvnoticias.mx\/index.php\/wp-json\/wp\/v2\/posts"}],"about":[{"href":"https:\/\/nvnoticias.mx\/index.php\/wp-json\/wp\/v2\/types\/post"}],"author":[{"embeddable":true,"href":"https:\/\/nvnoticias.mx\/index.php\/wp-json\/wp\/v2\/users\/35"}],"replies":[{"embeddable":true,"href":"https:\/\/nvnoticias.mx\/index.php\/wp-json\/wp\/v2\/comments?post=43250"}],"version-history":[{"count":1,"href":"https:\/\/nvnoticias.mx\/index.php\/wp-json\/wp\/v2\/posts\/43250\/revisions"}],"predecessor-version":[{"id":43251,"href":"https:\/\/nvnoticias.mx\/index.php\/wp-json\/wp\/v2\/posts\/43250\/revisions\/43251"}],"wp:featuredmedia":[{"embeddable":true,"href":"https:\/\/nvnoticias.mx\/index.php\/wp-json\/wp\/v2\/media\/43294"}],"wp:attachment":[{"href":"https:\/\/nvnoticias.mx\/index.php\/wp-json\/wp\/v2\/media?parent=43250"}],"wp:term":[{"taxonomy":"category","embeddable":true,"href":"https:\/\/nvnoticias.mx\/index.php\/wp-json\/wp\/v2\/categories?post=43250"},{"taxonomy":"post_tag","embeddable":true,"href":"https:\/\/nvnoticias.mx\/index.php\/wp-json\/wp\/v2\/tags?post=43250"}],"curies":[{"name":"wp","href":"https:\/\/api.w.org\/{rel}","templated":true}]}}