{"id":43210,"date":"2022-03-01T14:50:05","date_gmt":"2022-03-01T20:50:05","guid":{"rendered":"https:\/\/nvnoticias.mx\/?p=43210"},"modified":"2022-03-01T14:50:07","modified_gmt":"2022-03-01T20:50:07","slug":"la-scjn-hizo-lo-que-las-autoridades-de-veracruz-no-hicieron-dante-delgado","status":"publish","type":"post","link":"https:\/\/nvnoticias.mx\/index.php\/2022\/03\/01\/la-scjn-hizo-lo-que-las-autoridades-de-veracruz-no-hicieron-dante-delgado\/","title":{"rendered":"La SCJN hizo lo que las autoridades de Veracruz no hicieron: Dante Delgado"},"content":{"rendered":"\n<p><strong>Sam Ojeda\u00a0\/ NV Noticias<\/strong><\/p>\n\n\n\n<p>Xalapa.- El senador Dante Delgado Rannauro asegur\u00f3 que la Suprema Corte de Justicia de la Naci\u00f3n (SCJN) volvi\u00f3 a hacer el trabajo del Ejecutivo y Legislativo, al declarar inconstitucional el delito de ultrajes a la autoridad en el C\u00f3digo Penal de Veracruz.\u00a0<\/p>\n\n\n\n<p>En conferencia de prensa, dijo que los ministros lograron\u00a0 contener \u201clos abusos y excesos de los otros poderes\u201d y sobre todo, puso a salvo derechos fundamentales de los mexicanos. <\/p>\n\n\n\n<figure class=\"wp-block-image size-large\"><img loading=\"lazy\" decoding=\"async\" width=\"1024\" height=\"682\" src=\"https:\/\/nvnoticias.mx\/wp-content\/uploads\/2022\/03\/WhatsApp-Image-2022-03-01-at-2.21.15-PM-1024x682.jpeg\" alt=\"\" class=\"wp-image-43211\" srcset=\"https:\/\/nvnoticias.mx\/wp-content\/uploads\/2022\/03\/WhatsApp-Image-2022-03-01-at-2.21.15-PM-1024x682.jpeg 1024w, https:\/\/nvnoticias.mx\/wp-content\/uploads\/2022\/03\/WhatsApp-Image-2022-03-01-at-2.21.15-PM-300x200.jpeg 300w, https:\/\/nvnoticias.mx\/wp-content\/uploads\/2022\/03\/WhatsApp-Image-2022-03-01-at-2.21.15-PM-768x512.jpeg 768w, https:\/\/nvnoticias.mx\/wp-content\/uploads\/2022\/03\/WhatsApp-Image-2022-03-01-at-2.21.15-PM.jpeg 1280w\" sizes=\"auto, (max-width: 1024px) 100vw, 1024px\" \/><\/figure>\n\n\n\n<p>Y advirti\u00f3 que deber\u00e1n rendir cuentas los agentes del ministerio p\u00fablico, los fiscales, los peritos y los jueces que se prestaron a violar los derechos humanos de los veracruzanos.<\/p>\n\n\n\n<blockquote class=\"wp-block-quote is-layout-flow wp-block-quote-is-layout-flow\"><p>\u201c<em>Deber\u00e1n asumir las consecuencias jur\u00eddicas y penales por apartar de la correcta procuraci\u00f3n y administraci\u00f3n de justicia<\/em>\u201d.<\/p><\/blockquote>\n\n\n\n<p>Acus\u00f3 que este delito fue aprobado de manera indigna y servil por el Congreso local y de manera alevosa y ruin ejecutado por miembros del Poder Judicial del estado. \u00a0<\/p>\n\n\n\n<blockquote class=\"wp-block-quote is-layout-flow wp-block-quote-is-layout-flow\"><p>\u201c<em>Permiti\u00f3 que el Gobierno de Veracruz reprimiera a quienes piensan distinto; el gobierno de Veracruz encarcel\u00f3 sin pruebas, sin juicio y sin sentencia a miles de hombres y mujeres inocentes<\/em>\u201d.<\/p><\/blockquote>\n\n\n\n<p>A\u00f1adi\u00f3 que la Corte hizo prevalecer el derecho a la libertad, a un juicio justo, a la presunci\u00f3n de inocencia y la libertad de expresi\u00f3n. <\/p>\n\n\n\n<blockquote class=\"wp-block-quote is-layout-flow wp-block-quote-is-layout-flow\"><p>\u201c<em>La Corte hizo lo que los poderes de Veracruz se negaron a hacer, defender el estado de derecho y ponerse del lado de la raz\u00f3n, la ley y la justicia<\/em>\u201d.<\/p><\/blockquote>\n\n\n\n<figure class=\"wp-block-image size-large\"><img loading=\"lazy\" decoding=\"async\" width=\"1024\" height=\"768\" src=\"https:\/\/nvnoticias.mx\/wp-content\/uploads\/2022\/03\/WhatsApp-Image-2022-03-01-at-2.21.15-PM-1-1024x768.jpeg\" alt=\"\" class=\"wp-image-43212\" srcset=\"https:\/\/nvnoticias.mx\/wp-content\/uploads\/2022\/03\/WhatsApp-Image-2022-03-01-at-2.21.15-PM-1-1024x768.jpeg 1024w, https:\/\/nvnoticias.mx\/wp-content\/uploads\/2022\/03\/WhatsApp-Image-2022-03-01-at-2.21.15-PM-1-300x225.jpeg 300w, https:\/\/nvnoticias.mx\/wp-content\/uploads\/2022\/03\/WhatsApp-Image-2022-03-01-at-2.21.15-PM-1-768x576.jpeg 768w, https:\/\/nvnoticias.mx\/wp-content\/uploads\/2022\/03\/WhatsApp-Image-2022-03-01-at-2.21.15-PM-1.jpeg 1280w\" sizes=\"auto, (max-width: 1024px) 100vw, 1024px\" \/><\/figure>\n\n\n\n<p>Y a\u00f1adi\u00f3 que el equipo de abogados del Movimiento por la Justicia realizar\u00e1n seguimiento de acciones y resoluciones violatorias de derechos humanos que hayan aplicado quienes debieron solicitar el ejercicio pleno del derecho para hacer valer la justicia.\u00a0<\/p>\n\n\n\n<blockquote class=\"wp-block-quote is-layout-flow wp-block-quote-is-layout-flow\"><p>\u201c<em>Quien la hizo va a tener que pagarla y eso va tambi\u00e9n para el juez Francisco Reyes Contreras que retras\u00f3 la audiencia federal en que se decretar\u00e1 la libertad de Jos\u00e9 Manuel del R\u00edo y se ha negado a entregar le informe solicitado pro el juzgado federal, una pr\u00e1ctica dilatoria que y tiene como fin mantener a Jos\u00e9 Manuel preso<\/em>\u201d.<\/p><\/blockquote>\n\n\n\n<p>Dijo que esto mismo ocurri\u00f3 en el caso de Rogelio \u201cN\u201d, dado que el juez del fuero com\u00fan, Gregorio Esteban Noriega, retras\u00f3 el informe justificado y diversas chicanas para retrasar el juicio apegado a derecho.\u00a0<\/p>\n\n\n\n<blockquote class=\"wp-block-quote is-layout-flow wp-block-quote-is-layout-flow\"><p>\u201c<em>Que quede bien claro que tarde o temprano MP, fiscales, jueces, y funcionarios p\u00fablicos van a rendir cuentas a la justicia y van a pagar por todo el da\u00f1o que han causado a miles de veracruzanos, que quede claro si el gobernador de Veracruz est\u00e1 obsesionado con defender a polic\u00edas y jueces corruptos el Movimiento por la Justicia har\u00e1 todo lo que est\u00e9 en su alcance para garantizar los plenos derechos humanos y el estado de derecho a los veracruzanos<\/em>\u201d.<\/p><\/blockquote>\n\n\n\n<p>Envi\u00f3 un mensaje y dijo \u201ca aquellos que hoy est\u00e1n abusando del poder y creen que gozar\u00e1n permanentemente de la impunidad que permite por su manto protector el gobierno federal y que asume como acto de autoridad un gobierno incompetente como el de Veracruz, les digo que la justicia va a prevalecer y que deber\u00e1n asumir las consecuencias jur\u00eddicas, morales y penales de sus actos\u201d.\u00a0<\/p>\n\n\n\n<figure class=\"wp-block-image size-large\"><img loading=\"lazy\" decoding=\"async\" width=\"1024\" height=\"682\" src=\"https:\/\/nvnoticias.mx\/wp-content\/uploads\/2022\/03\/WhatsApp-Image-2022-03-01-at-2.21.14-PM-1024x682.jpeg\" alt=\"\" class=\"wp-image-43213\" srcset=\"https:\/\/nvnoticias.mx\/wp-content\/uploads\/2022\/03\/WhatsApp-Image-2022-03-01-at-2.21.14-PM-1024x682.jpeg 1024w, https:\/\/nvnoticias.mx\/wp-content\/uploads\/2022\/03\/WhatsApp-Image-2022-03-01-at-2.21.14-PM-300x200.jpeg 300w, https:\/\/nvnoticias.mx\/wp-content\/uploads\/2022\/03\/WhatsApp-Image-2022-03-01-at-2.21.14-PM-768x512.jpeg 768w, https:\/\/nvnoticias.mx\/wp-content\/uploads\/2022\/03\/WhatsApp-Image-2022-03-01-at-2.21.14-PM.jpeg 1280w\" sizes=\"auto, (max-width: 1024px) 100vw, 1024px\" \/><\/figure>\n","protected":false},"excerpt":{"rendered":"<p>Sam Ojeda\u00a0\/ NV Noticias Xalapa.- El senador Dante Delgado Rannauro asegur\u00f3 que la Suprema Corte de Justicia de la Naci\u00f3n (SCJN) volvi\u00f3 a hacer el trabajo del Ejecutivo y Legislativo, al declarar inconstitucional el delito de ultrajes a la autoridad en el C\u00f3digo Penal de Veracruz.\u00a0 En conferencia de prensa, dijo que los ministros lograron\u00a0 [&hellip;]<\/p>\n","protected":false},"author":8,"featured_media":43214,"comment_status":"open","ping_status":"open","sticky":false,"template":"","format":"standard","meta":{"_monsterinsights_skip_tracking":false,"_monsterinsights_sitenote_active":false,"_monsterinsights_sitenote_note":"","_monsterinsights_sitenote_category":0,"footnotes":""},"categories":[156],"tags":[3254,162,3194],"class_list":["post-43210","post","type-post","status-publish","format-standard","has-post-thumbnail","hentry","category-estado","tag-dante-delgado","tag-portada","tag-scjn","wp-image-borders"],"amp_enabled":true,"_links":{"self":[{"href":"https:\/\/nvnoticias.mx\/index.php\/wp-json\/wp\/v2\/posts\/43210","targetHints":{"allow":["GET"]}}],"collection":[{"href":"https:\/\/nvnoticias.mx\/index.php\/wp-json\/wp\/v2\/posts"}],"about":[{"href":"https:\/\/nvnoticias.mx\/index.php\/wp-json\/wp\/v2\/types\/post"}],"author":[{"embeddable":true,"href":"https:\/\/nvnoticias.mx\/index.php\/wp-json\/wp\/v2\/users\/8"}],"replies":[{"embeddable":true,"href":"https:\/\/nvnoticias.mx\/index.php\/wp-json\/wp\/v2\/comments?post=43210"}],"version-history":[{"count":1,"href":"https:\/\/nvnoticias.mx\/index.php\/wp-json\/wp\/v2\/posts\/43210\/revisions"}],"predecessor-version":[{"id":43215,"href":"https:\/\/nvnoticias.mx\/index.php\/wp-json\/wp\/v2\/posts\/43210\/revisions\/43215"}],"wp:featuredmedia":[{"embeddable":true,"href":"https:\/\/nvnoticias.mx\/index.php\/wp-json\/wp\/v2\/media\/43214"}],"wp:attachment":[{"href":"https:\/\/nvnoticias.mx\/index.php\/wp-json\/wp\/v2\/media?parent=43210"}],"wp:term":[{"taxonomy":"category","embeddable":true,"href":"https:\/\/nvnoticias.mx\/index.php\/wp-json\/wp\/v2\/categories?post=43210"},{"taxonomy":"post_tag","embeddable":true,"href":"https:\/\/nvnoticias.mx\/index.php\/wp-json\/wp\/v2\/tags?post=43210"}],"curies":[{"name":"wp","href":"https:\/\/api.w.org\/{rel}","templated":true}]}}