{"id":43164,"date":"2022-03-01T13:30:16","date_gmt":"2022-03-01T19:30:16","guid":{"rendered":"https:\/\/nvnoticias.mx\/?p=43164"},"modified":"2022-03-01T13:30:18","modified_gmt":"2022-03-01T19:30:18","slug":"tuitea-ashton-kutcher-en-apoyo-a-ucrania-el-pais-de-origen-de-su-esposa-mila-kunis","status":"publish","type":"post","link":"https:\/\/nvnoticias.mx\/index.php\/2022\/03\/01\/tuitea-ashton-kutcher-en-apoyo-a-ucrania-el-pais-de-origen-de-su-esposa-mila-kunis\/","title":{"rendered":"Tuitea Ashton Kutcher en apoyo a Ucrania el pa\u00eds de origen de su esposa Mila Kunis"},"content":{"rendered":"\n<p>Celebridades y figuras pol\u00edticas han expresado su apoyo a Ucrania desde que\u00a0Rusia invadi\u00f3 esta semana. Ahora viene otro rostro famoso con una conexi\u00f3n personal con la naci\u00f3n sitiada, el actor Ashton Kutcher.<\/p>\n\n\n\n<blockquote class=\"twitter-tweet\"><p lang=\"en\" dir=\"ltr\">I stand with Ukraine<\/p>&mdash; ashton kutcher (@aplusk) <a href=\"https:\/\/twitter.com\/aplusk\/status\/1497070432272355330?ref_src=twsrc%5Etfw\">February 25, 2022<\/a><\/blockquote> <script async src=\"https:\/\/platform.twitter.com\/widgets.js\" charset=\"utf-8\"><\/script>\n\n\n\n<p>La esposa de Kutcher, la actriz Mila Kunis, naci\u00f3 en Ucrania cuando era parte de la Uni\u00f3n Sovi\u00e9tica. Su familia huy\u00f3 cuando ella era una ni\u00f1a y se estableci\u00f3 en Los \u00c1ngeles.<\/p>\n\n\n\n<p>&#8220;Finalmente, me adapt\u00e9 bastante r\u00e1pido y bastante bien, pero debe haber sido dif\u00edcil porque bloque\u00e9 completamente el segundo grado&#8221;, dijo la estrella de &#8220;Black Swan&#8221;\u00a0a Los Angeles Times\u00a0en octubre de 2008.<\/p>\n\n\n\n<p>Fuente: <a href=\"https:\/\/cnnespanol.cnn.com\/2022\/02\/26\/ashton-kutcher-tuitea-en-apoyo-a-ucrania-pais-de-mila-kunis-trax\/\" data-type=\"URL\" data-id=\"https:\/\/cnnespanol.cnn.com\/2022\/02\/26\/ashton-kutcher-tuitea-en-apoyo-a-ucrania-pais-de-mila-kunis-trax\/\">CNN<\/a><\/p>\n","protected":false},"excerpt":{"rendered":"<p>Celebridades y figuras pol\u00edticas han expresado su apoyo a Ucrania desde que\u00a0Rusia invadi\u00f3 esta semana. Ahora viene otro rostro famoso con una conexi\u00f3n personal con la naci\u00f3n sitiada, el actor Ashton Kutcher. I stand with Ukraine &mdash; ashton kutcher (@aplusk) February 25, 2022 La esposa de Kutcher, la actriz Mila Kunis, naci\u00f3 en Ucrania cuando [&hellip;]<\/p>\n","protected":false},"author":35,"featured_media":43166,"comment_status":"open","ping_status":"open","sticky":false,"template":"","format":"standard","meta":{"_monsterinsights_skip_tracking":false,"_monsterinsights_sitenote_active":false,"_monsterinsights_sitenote_note":"","_monsterinsights_sitenote_category":0,"footnotes":""},"categories":[576],"tags":[410,11107,11108,11109,5041],"class_list":["post-43164","post","type-post","status-publish","format-standard","has-post-thumbnail","hentry","category-ocio","tag-apoyo","tag-ashton-kutcher","tag-mila-kunis","tag-tuitea","tag-ucrania","wp-image-borders"],"amp_enabled":true,"_links":{"self":[{"href":"https:\/\/nvnoticias.mx\/index.php\/wp-json\/wp\/v2\/posts\/43164","targetHints":{"allow":["GET"]}}],"collection":[{"href":"https:\/\/nvnoticias.mx\/index.php\/wp-json\/wp\/v2\/posts"}],"about":[{"href":"https:\/\/nvnoticias.mx\/index.php\/wp-json\/wp\/v2\/types\/post"}],"author":[{"embeddable":true,"href":"https:\/\/nvnoticias.mx\/index.php\/wp-json\/wp\/v2\/users\/35"}],"replies":[{"embeddable":true,"href":"https:\/\/nvnoticias.mx\/index.php\/wp-json\/wp\/v2\/comments?post=43164"}],"version-history":[{"count":1,"href":"https:\/\/nvnoticias.mx\/index.php\/wp-json\/wp\/v2\/posts\/43164\/revisions"}],"predecessor-version":[{"id":43167,"href":"https:\/\/nvnoticias.mx\/index.php\/wp-json\/wp\/v2\/posts\/43164\/revisions\/43167"}],"wp:featuredmedia":[{"embeddable":true,"href":"https:\/\/nvnoticias.mx\/index.php\/wp-json\/wp\/v2\/media\/43166"}],"wp:attachment":[{"href":"https:\/\/nvnoticias.mx\/index.php\/wp-json\/wp\/v2\/media?parent=43164"}],"wp:term":[{"taxonomy":"category","embeddable":true,"href":"https:\/\/nvnoticias.mx\/index.php\/wp-json\/wp\/v2\/categories?post=43164"},{"taxonomy":"post_tag","embeddable":true,"href":"https:\/\/nvnoticias.mx\/index.php\/wp-json\/wp\/v2\/tags?post=43164"}],"curies":[{"name":"wp","href":"https:\/\/api.w.org\/{rel}","templated":true}]}}