{"id":43095,"date":"2022-03-01T09:54:30","date_gmt":"2022-03-01T15:54:30","guid":{"rendered":"https:\/\/nvnoticias.mx\/?p=43095"},"modified":"2022-03-01T09:54:31","modified_gmt":"2022-03-01T15:54:31","slug":"viajan-18-mexicanos-de-kiev-rumbo-a-la-frontera-de-ucrania-con-rumania","status":"publish","type":"post","link":"https:\/\/nvnoticias.mx\/index.php\/2022\/03\/01\/viajan-18-mexicanos-de-kiev-rumbo-a-la-frontera-de-ucrania-con-rumania\/","title":{"rendered":"Viajan 18 mexicanos de Kiev rumbo a la frontera de Ucrania con Rumania"},"content":{"rendered":"\n<p>Un grupo de&nbsp;18 mexicanos&nbsp;lograron ya salir de&nbsp;Kiev,&nbsp;Ucrania,&nbsp;y se desplazan hacia la&nbsp;frontera con Rumania&nbsp;para tratar de cruzar.<\/p>\n\n\n\n<p>Este grupo estuvo varado en la capital del ucraniana por varios d\u00edas, debido a las&nbsp;restricciones&nbsp;impuestas que les impidi\u00f3&nbsp;desplazarse.<\/p>\n\n\n\n<p>Este martes salieron ya a bordo de un autob\u00fas y viajan acompa\u00f1ados de la\u00a0embajadora de M\u00e9xico en Ucrania, Olga Garc\u00eda Guill\u00e9n, as\u00ed como del c\u00f3nsul, Miguel Uribe, quienes a\u00fan no se determina si regresar\u00e1n a la representaci\u00f3n diplom\u00e1tica o no.<\/p>\n\n\n\n<p>El jefe de la Oficina de la Secretar\u00eda de Relaciones Exteriores, Daniel Mill\u00e1n, dio a conocer que se prev\u00e9 que estos connacionales, entre los que viajan 2 beb\u00e9s, regresen a M\u00e9xico a bordo del vuelo de la Fuerza A\u00e9rea que el gobierno mexicano envi\u00f3 a Rumania, para evacuar a compatriotas que han sido evacuados de Ucrania.<\/p>\n\n\n\n<p>El grupo se unir\u00e1 a los 22 mexicanos que desde hace una semana permanecen en la ciudad de Seceava, Rumania, a la espera de ser repatriados a M\u00e9xico.<\/p>\n\n\n\n<p>En principio, se espera que el pr\u00f3ximo jueves regrese a M\u00e9xico el avi\u00f3n de la Fuerza A\u00e9rea Mexicana.<\/p>\n\n\n\n<p>Fuente: <a href=\"https:\/\/www.eluniversal.com.mx\/nacion\/conflicto-rusia-ucrania-salen-18-mexicanos-de-kiev-rumbo-la-frontera-con-rumania\" data-type=\"URL\" data-id=\"https:\/\/www.eluniversal.com.mx\/nacion\/conflicto-rusia-ucrania-salen-18-mexicanos-de-kiev-rumbo-la-frontera-con-rumania\">El Financiero<\/a> <\/p>\n","protected":false},"excerpt":{"rendered":"<p>Un grupo de&nbsp;18 mexicanos&nbsp;lograron ya salir de&nbsp;Kiev,&nbsp;Ucrania,&nbsp;y se desplazan hacia la&nbsp;frontera con Rumania&nbsp;para tratar de cruzar. Este grupo estuvo varado en la capital del ucraniana por varios d\u00edas, debido a las&nbsp;restricciones&nbsp;impuestas que les impidi\u00f3&nbsp;desplazarse. Este martes salieron ya a bordo de un autob\u00fas y viajan acompa\u00f1ados de la\u00a0embajadora de M\u00e9xico en Ucrania, Olga Garc\u00eda Guill\u00e9n, [&hellip;]<\/p>\n","protected":false},"author":35,"featured_media":42837,"comment_status":"open","ping_status":"open","sticky":false,"template":"","format":"standard","meta":{"_monsterinsights_skip_tracking":false,"_monsterinsights_sitenote_active":false,"_monsterinsights_sitenote_note":"","_monsterinsights_sitenote_category":0,"footnotes":""},"categories":[157],"tags":[10509,257,162,4222,537,5041],"class_list":["post-43095","post","type-post","status-publish","format-standard","has-post-thumbnail","hentry","category-nacional","tag-kiev","tag-mexicanos","tag-portada","tag-rumania","tag-rusia","tag-ucrania","wp-image-borders"],"amp_enabled":true,"_links":{"self":[{"href":"https:\/\/nvnoticias.mx\/index.php\/wp-json\/wp\/v2\/posts\/43095","targetHints":{"allow":["GET"]}}],"collection":[{"href":"https:\/\/nvnoticias.mx\/index.php\/wp-json\/wp\/v2\/posts"}],"about":[{"href":"https:\/\/nvnoticias.mx\/index.php\/wp-json\/wp\/v2\/types\/post"}],"author":[{"embeddable":true,"href":"https:\/\/nvnoticias.mx\/index.php\/wp-json\/wp\/v2\/users\/35"}],"replies":[{"embeddable":true,"href":"https:\/\/nvnoticias.mx\/index.php\/wp-json\/wp\/v2\/comments?post=43095"}],"version-history":[{"count":4,"href":"https:\/\/nvnoticias.mx\/index.php\/wp-json\/wp\/v2\/posts\/43095\/revisions"}],"predecessor-version":[{"id":43099,"href":"https:\/\/nvnoticias.mx\/index.php\/wp-json\/wp\/v2\/posts\/43095\/revisions\/43099"}],"wp:featuredmedia":[{"embeddable":true,"href":"https:\/\/nvnoticias.mx\/index.php\/wp-json\/wp\/v2\/media\/42837"}],"wp:attachment":[{"href":"https:\/\/nvnoticias.mx\/index.php\/wp-json\/wp\/v2\/media?parent=43095"}],"wp:term":[{"taxonomy":"category","embeddable":true,"href":"https:\/\/nvnoticias.mx\/index.php\/wp-json\/wp\/v2\/categories?post=43095"},{"taxonomy":"post_tag","embeddable":true,"href":"https:\/\/nvnoticias.mx\/index.php\/wp-json\/wp\/v2\/tags?post=43095"}],"curies":[{"name":"wp","href":"https:\/\/api.w.org\/{rel}","templated":true}]}}