{"id":43053,"date":"2022-02-28T17:16:19","date_gmt":"2022-02-28T23:16:19","guid":{"rendered":"https:\/\/nvnoticias.mx\/?p=43053"},"modified":"2022-02-28T17:16:20","modified_gmt":"2022-02-28T23:16:20","slug":"aeroflot-cancela-vuelos-a-mexico-hasta-el-27-de-marzo","status":"publish","type":"post","link":"https:\/\/nvnoticias.mx\/index.php\/2022\/02\/28\/aeroflot-cancela-vuelos-a-mexico-hasta-el-27-de-marzo\/","title":{"rendered":"Aeroflot cancela vuelos a M\u00e9xico hasta el 27 de marzo"},"content":{"rendered":"\n<p>La Asociaci\u00f3n de Turoperadores Rusos (ATOR) dio a conocer que la aerol\u00ednea\u00a0bandera rusa Aeroflot cancel\u00f3 todos sus vuelos de Mosc\u00fa hacia Canc\u00fan, Quintana Roo hasta el pr\u00f3ximo 27 de marzo, en el contexto del cierre del espacio a\u00e9reo de diversos pa\u00edses de la Uni\u00f3n Europea. <\/p>\n\n\n\n<p>De acuerdo con el aeropuerto de Canc\u00fan, el vuelo procedente de esta naci\u00f3n europea que aterrizar\u00e1 en el destino mexicano a las 4 de la tarde sigue en funci\u00f3n y asimismo, el de regreso, que sale a las 18:35 horas, por lo que ser\u00edan las \u00faltimas operaciones. <\/p>\n\n\n\n<p>Con base en p\u00e1ginas especializadas de rastreo de vuelos, los aviones rusos han tenido que modificar su ruta para evitar ir sobre espacio a\u00e9reo de Estados Unidos, Canad\u00e1 y diversos pa\u00edses de la Uni\u00f3n Europea ante la prohibici\u00f3n que tiene para volar sobre su territorio. <\/p>\n\n\n\n<blockquote class=\"wp-block-quote is-layout-flow wp-block-quote-is-layout-flow\"><p>\u201c<em>Los vuelos a la mexicana Canc\u00fan, seg\u00fan el sistema de reservas del sitio web oficial de la aerol\u00ednea (Aeroflot), est\u00e1n cancelados hasta el 27 de marzo<\/em>\u201d, refiri\u00f3 ATOR en un bolet\u00edn.<\/p><p><\/p><\/blockquote>\n\n\n\n<p>Fuente: <a href=\"https:\/\/www.milenio.com\/negocios\/aerolinea-rusa-aeroflot-cancela-vuelos-mexico-27-marzo\">Milenio <\/a><\/p>\n","protected":false},"excerpt":{"rendered":"<p>La Asociaci\u00f3n de Turoperadores Rusos (ATOR) dio a conocer que la aerol\u00ednea\u00a0bandera rusa Aeroflot cancel\u00f3 todos sus vuelos de Mosc\u00fa hacia Canc\u00fan, Quintana Roo hasta el pr\u00f3ximo 27 de marzo, en el contexto del cierre del espacio a\u00e9reo de diversos pa\u00edses de la Uni\u00f3n Europea. De acuerdo con el aeropuerto de Canc\u00fan, el vuelo procedente [&hellip;]<\/p>\n","protected":false},"author":8,"featured_media":43054,"comment_status":"open","ping_status":"open","sticky":false,"template":"","format":"standard","meta":{"_monsterinsights_skip_tracking":false,"_monsterinsights_sitenote_active":false,"_monsterinsights_sitenote_note":"","_monsterinsights_sitenote_category":0,"footnotes":""},"categories":[157],"tags":[7652,3731,292,738],"class_list":["post-43053","post","type-post","status-publish","format-standard","has-post-thumbnail","hentry","category-nacional","tag-aeroflot","tag-cancelacion","tag-mexico","tag-vuelos","wp-image-borders"],"amp_enabled":true,"_links":{"self":[{"href":"https:\/\/nvnoticias.mx\/index.php\/wp-json\/wp\/v2\/posts\/43053","targetHints":{"allow":["GET"]}}],"collection":[{"href":"https:\/\/nvnoticias.mx\/index.php\/wp-json\/wp\/v2\/posts"}],"about":[{"href":"https:\/\/nvnoticias.mx\/index.php\/wp-json\/wp\/v2\/types\/post"}],"author":[{"embeddable":true,"href":"https:\/\/nvnoticias.mx\/index.php\/wp-json\/wp\/v2\/users\/8"}],"replies":[{"embeddable":true,"href":"https:\/\/nvnoticias.mx\/index.php\/wp-json\/wp\/v2\/comments?post=43053"}],"version-history":[{"count":1,"href":"https:\/\/nvnoticias.mx\/index.php\/wp-json\/wp\/v2\/posts\/43053\/revisions"}],"predecessor-version":[{"id":43055,"href":"https:\/\/nvnoticias.mx\/index.php\/wp-json\/wp\/v2\/posts\/43053\/revisions\/43055"}],"wp:featuredmedia":[{"embeddable":true,"href":"https:\/\/nvnoticias.mx\/index.php\/wp-json\/wp\/v2\/media\/43054"}],"wp:attachment":[{"href":"https:\/\/nvnoticias.mx\/index.php\/wp-json\/wp\/v2\/media?parent=43053"}],"wp:term":[{"taxonomy":"category","embeddable":true,"href":"https:\/\/nvnoticias.mx\/index.php\/wp-json\/wp\/v2\/categories?post=43053"},{"taxonomy":"post_tag","embeddable":true,"href":"https:\/\/nvnoticias.mx\/index.php\/wp-json\/wp\/v2\/tags?post=43053"}],"curies":[{"name":"wp","href":"https:\/\/api.w.org\/{rel}","templated":true}]}}