{"id":42907,"date":"2022-02-28T12:29:51","date_gmt":"2022-02-28T18:29:51","guid":{"rendered":"https:\/\/nvnoticias.mx\/?p=42907"},"modified":"2022-02-28T12:29:52","modified_gmt":"2022-02-28T18:29:52","slug":"denuncian-irregularidades-en-casos-de-indigenas-detenidos-en-penal-de-tuxpan","status":"publish","type":"post","link":"https:\/\/nvnoticias.mx\/index.php\/2022\/02\/28\/denuncian-irregularidades-en-casos-de-indigenas-detenidos-en-penal-de-tuxpan\/","title":{"rendered":"Denuncian irregularidades en casos de ind\u00edgenas detenidos en penal de Tuxpan"},"content":{"rendered":"\n<p><strong>Sam Ojeda\u00a0\/ NV Noticias<\/strong><\/p>\n\n\n\n<p>Xalapa.- El representante del Observatorio de Derechos Humanos y Participaci\u00f3n Pol\u00edtica de los Pueblos Ind\u00edgenas en Veracruz, Agust\u00edn Carpio P\u00e9rez, denunci\u00f3 que en el penal de Tuxpan hay al menos 12 internos ind\u00edgenas que est\u00e1n en posibilidad de solicitar un incidente de libertad anticipada, pero no se los permiten.\u00a0<\/p>\n\n\n\n<p>El abogado solicit\u00f3 la intervenci\u00f3n de la Comisi\u00f3n Estatal de Derechos Humanos (CEDH) para avanzar en estos casos dado que la semana pasada acudi\u00f3 al penal para iniciar los tr\u00e1mites y ni siquiera le otorgaron documentos solicitados como partida jur\u00eddica por parte del penal. \u00a0<\/p>\n\n\n\n<blockquote class=\"wp-block-quote is-layout-flow wp-block-quote-is-layout-flow\"><p>\u201c<em>Las personas privadas de su libertad no han tenido ni traductores (\u2026) Hay personas que ya est\u00e1n en posibilidad de promover el incidente de libertad anticipada y no lo han hecho. No sabemos por qu\u00e9 no han querido darles este beneficio<\/em>\u201d, dijo. \u00a0<\/p><\/blockquote>\n\n\n\n<p>Se\u00f1al\u00f3 que en cambio el personal del penal solicit\u00f3 la presencia de la delegaci\u00f3n de la CEDH, y la delegada lleg\u00f3 al penal con el pretexto de solicitar una credencial que lo acredit\u00f3 hasta 2020 como trabajador de ese organismo, pero lo hizo dentro del penal con apoyo de custodios, lo cual consider\u00f3 es indebido.\u00a0<\/p>\n\n\n\n<blockquote class=\"wp-block-quote is-layout-flow wp-block-quote-is-layout-flow\"><p>\u201c<em>No voy a permitir hostigamientos de la Comisi\u00f3n hacia un servidor, la delegada tiene intereses con el director del penal para manejar a su antojo la liberaci\u00f3n de las personas. En esta ocasi\u00f3n nos bloquearon poder obtener la partida jur\u00eddica por parte del penal<\/em>\u201d.\u00a0<\/p><\/blockquote>\n\n\n\n<p>El abogado dijo que los casos que tiene a su cargo son 12 y que para todos cuenta con personalidad jur\u00eddica para atender este tema.\u00a0<\/p>\n\n\n\n<blockquote class=\"wp-block-quote is-layout-flow wp-block-quote-is-layout-flow\"><p>\u201c<em>Ya hemos trabajado en este penal, sacamos a algunas personas que pueden obtener el beneficio pero ahora hay personal nuevo, muy j\u00f3venes que no tienen la experiencia para trabajar en esto y con el pretexto de que ten\u00edan que pedir permiso no nos entregaron la documentaci\u00f3n<\/em>\u201d.\u00a0 \u00a0<\/p><\/blockquote>\n","protected":false},"excerpt":{"rendered":"<p>Sam Ojeda\u00a0\/ NV Noticias Xalapa.- El representante del Observatorio de Derechos Humanos y Participaci\u00f3n Pol\u00edtica de los Pueblos Ind\u00edgenas en Veracruz, Agust\u00edn Carpio P\u00e9rez, denunci\u00f3 que en el penal de Tuxpan hay al menos 12 internos ind\u00edgenas que est\u00e1n en posibilidad de solicitar un incidente de libertad anticipada, pero no se los permiten.\u00a0 El abogado [&hellip;]<\/p>\n","protected":false},"author":8,"featured_media":42912,"comment_status":"open","ping_status":"open","sticky":false,"template":"","format":"standard","meta":{"_monsterinsights_skip_tracking":false,"_monsterinsights_sitenote_active":false,"_monsterinsights_sitenote_note":"","_monsterinsights_sitenote_category":0,"footnotes":""},"categories":[156],"tags":[440,2666,11008],"class_list":["post-42907","post","type-post","status-publish","format-standard","has-post-thumbnail","hentry","category-estado","tag-indigenas","tag-irregularidades","tag-penal-de-tuxpan","wp-image-borders"],"amp_enabled":true,"_links":{"self":[{"href":"https:\/\/nvnoticias.mx\/index.php\/wp-json\/wp\/v2\/posts\/42907","targetHints":{"allow":["GET"]}}],"collection":[{"href":"https:\/\/nvnoticias.mx\/index.php\/wp-json\/wp\/v2\/posts"}],"about":[{"href":"https:\/\/nvnoticias.mx\/index.php\/wp-json\/wp\/v2\/types\/post"}],"author":[{"embeddable":true,"href":"https:\/\/nvnoticias.mx\/index.php\/wp-json\/wp\/v2\/users\/8"}],"replies":[{"embeddable":true,"href":"https:\/\/nvnoticias.mx\/index.php\/wp-json\/wp\/v2\/comments?post=42907"}],"version-history":[{"count":1,"href":"https:\/\/nvnoticias.mx\/index.php\/wp-json\/wp\/v2\/posts\/42907\/revisions"}],"predecessor-version":[{"id":42914,"href":"https:\/\/nvnoticias.mx\/index.php\/wp-json\/wp\/v2\/posts\/42907\/revisions\/42914"}],"wp:featuredmedia":[{"embeddable":true,"href":"https:\/\/nvnoticias.mx\/index.php\/wp-json\/wp\/v2\/media\/42912"}],"wp:attachment":[{"href":"https:\/\/nvnoticias.mx\/index.php\/wp-json\/wp\/v2\/media?parent=42907"}],"wp:term":[{"taxonomy":"category","embeddable":true,"href":"https:\/\/nvnoticias.mx\/index.php\/wp-json\/wp\/v2\/categories?post=42907"},{"taxonomy":"post_tag","embeddable":true,"href":"https:\/\/nvnoticias.mx\/index.php\/wp-json\/wp\/v2\/tags?post=42907"}],"curies":[{"name":"wp","href":"https:\/\/api.w.org\/{rel}","templated":true}]}}