{"id":42900,"date":"2022-02-28T12:18:42","date_gmt":"2022-02-28T18:18:42","guid":{"rendered":"https:\/\/nvnoticias.mx\/?p=42900"},"modified":"2022-02-28T12:18:43","modified_gmt":"2022-02-28T18:18:43","slug":"maniobristas-confian-en-recibir-notificacion-sobre-su-liquidacion-y-activos","status":"publish","type":"post","link":"https:\/\/nvnoticias.mx\/index.php\/2022\/02\/28\/maniobristas-confian-en-recibir-notificacion-sobre-su-liquidacion-y-activos\/","title":{"rendered":"Maniobristas conf\u00edan en recibir notificaci\u00f3n sobre su liquidaci\u00f3n y activos"},"content":{"rendered":"\n<p><strong>Jes\u00fas Utrilla \/ NV Noticias<\/strong><\/p>\n\n\n\n<p>Ex trabajadores del Puerto de Veracruz confiaron que esta semana les notifiquen sobre sus demandas, entre las que destacan la devoluci\u00f3n de bienes y cuentas que perdieron con la requisa del puerto.<\/p>\n\n\n\n<p>Jos\u00e9 Alejandro Pulido Cueto, apoderado legal del Sindicato de Maniobristas, de la Union Estibadores y de la Uni\u00f3n de Checadores, aclar\u00f3 que no buscan regresar a trabajar al muelle sino que la resoluci\u00f3n tenga un efecto liquidatorio y que le regresen activos a tres sindicatos.<\/p>\n\n\n\n<p>Esta semana habr\u00e1 una mesa de trabajo para notificarles al respecto.<\/p>\n\n\n\n<p>En la reuni\u00f3n estar\u00e1n dependencias como Secretar\u00edas del Trabajo y Gobernaci\u00f3n y Relaciones Exteriores.<\/p>\n\n\n\n<blockquote class=\"wp-block-quote is-layout-flow wp-block-quote-is-layout-flow\"><p>\u201c<em>Ya se cumpli\u00f3 con los requisitos y las Secretar\u00edas del Trabajo y Gobernaci\u00f3n y Relaciones Exteriores nos informaron que estamos por tener la mesa de trabajo para determinar que se nos entregue\u00a0\u00a0el patrimonio y las pensiones. Nosotros confiamos en el presidente\u201d<\/em>.\u00a0<\/p><\/blockquote>\n\n\n\n<p>Insisti\u00f3 en que cuenta con las sentencias correspondientes por lo que confi\u00f3 en que las autoridades federales les den la raz\u00f3n.<\/p>\n\n\n\n<blockquote class=\"wp-block-quote is-layout-flow wp-block-quote-is-layout-flow\"><p>\u201c<em>El amparo est\u00e1 por resolverse, la nulidad del decreto presidencial de Carlos Salinas de Gortari lo vamos a echar abajo. No la requisa, el decreto presidencial porque tomaron acciones ilegales al cien por ciento y la requisa habla que solo puede ser un decreto pero por la Constituci\u00f3n de M\u00e9xico y ellos estuvieron por arriba<\/em>\u201d.\u00a0<\/p><\/blockquote>\n\n\n\n<p>Dio su voto de confianza al presidente de M\u00e9xico para que apoye la demanda de los ex trabajadores portuarios.&nbsp;<\/p>\n","protected":false},"excerpt":{"rendered":"<p>Jes\u00fas Utrilla \/ NV Noticias Ex trabajadores del Puerto de Veracruz confiaron que esta semana les notifiquen sobre sus demandas, entre las que destacan la devoluci\u00f3n de bienes y cuentas que perdieron con la requisa del puerto. Jos\u00e9 Alejandro Pulido Cueto, apoderado legal del Sindicato de Maniobristas, de la Union Estibadores y de la Uni\u00f3n [&hellip;]<\/p>\n","protected":false},"author":8,"featured_media":42902,"comment_status":"open","ping_status":"open","sticky":false,"template":"","format":"standard","meta":{"_monsterinsights_skip_tracking":false,"_monsterinsights_sitenote_active":false,"_monsterinsights_sitenote_note":"","_monsterinsights_sitenote_category":0,"footnotes":""},"categories":[154],"tags":[9195,11007,1135],"class_list":["post-42900","post","type-post","status-publish","format-standard","has-post-thumbnail","hentry","category-veracruz","tag-activos","tag-liquidacion","tag-sindicato-de-maniobristas","wp-image-borders"],"amp_enabled":true,"_links":{"self":[{"href":"https:\/\/nvnoticias.mx\/index.php\/wp-json\/wp\/v2\/posts\/42900","targetHints":{"allow":["GET"]}}],"collection":[{"href":"https:\/\/nvnoticias.mx\/index.php\/wp-json\/wp\/v2\/posts"}],"about":[{"href":"https:\/\/nvnoticias.mx\/index.php\/wp-json\/wp\/v2\/types\/post"}],"author":[{"embeddable":true,"href":"https:\/\/nvnoticias.mx\/index.php\/wp-json\/wp\/v2\/users\/8"}],"replies":[{"embeddable":true,"href":"https:\/\/nvnoticias.mx\/index.php\/wp-json\/wp\/v2\/comments?post=42900"}],"version-history":[{"count":1,"href":"https:\/\/nvnoticias.mx\/index.php\/wp-json\/wp\/v2\/posts\/42900\/revisions"}],"predecessor-version":[{"id":42905,"href":"https:\/\/nvnoticias.mx\/index.php\/wp-json\/wp\/v2\/posts\/42900\/revisions\/42905"}],"wp:featuredmedia":[{"embeddable":true,"href":"https:\/\/nvnoticias.mx\/index.php\/wp-json\/wp\/v2\/media\/42902"}],"wp:attachment":[{"href":"https:\/\/nvnoticias.mx\/index.php\/wp-json\/wp\/v2\/media?parent=42900"}],"wp:term":[{"taxonomy":"category","embeddable":true,"href":"https:\/\/nvnoticias.mx\/index.php\/wp-json\/wp\/v2\/categories?post=42900"},{"taxonomy":"post_tag","embeddable":true,"href":"https:\/\/nvnoticias.mx\/index.php\/wp-json\/wp\/v2\/tags?post=42900"}],"curies":[{"name":"wp","href":"https:\/\/api.w.org\/{rel}","templated":true}]}}