{"id":42839,"date":"2022-02-28T09:35:42","date_gmt":"2022-02-28T15:35:42","guid":{"rendered":"https:\/\/nvnoticias.mx\/?p=42839"},"modified":"2022-02-28T09:35:44","modified_gmt":"2022-02-28T15:35:44","slug":"senala-anaya-que-amlo-esta-en-guerra-con-periodistas","status":"publish","type":"post","link":"https:\/\/nvnoticias.mx\/index.php\/2022\/02\/28\/senala-anaya-que-amlo-esta-en-guerra-con-periodistas\/","title":{"rendered":"Se\u00f1ala Anaya que AMLO est\u00e1 en guerra con periodistas"},"content":{"rendered":"\n<p>El presidente<strong>&nbsp;Andr\u00e9s Manuel L\u00f3pez Obrador<\/strong>&nbsp;ha tenido una postura tibia y falsa ante la invasi\u00f3n de&nbsp;<strong>Rusia a Ucrania<\/strong>, dice que quiere la paz, pero en M\u00e9xico est\u00e1 en guerra contra la oposici\u00f3n y contra periodistas, apunt\u00f3 este lunes Ricardo Anaya Cort\u00e9s..<\/p>\n\n\n\n<p>En su video semanal, el panista se\u00f1al\u00f3 que el presidente no ha tenido el valor para mencionar a Vladimir Putin, presidente de Rusia, por su nombre, ni tampoco ha condenado la invasi\u00f3n.<\/p>\n\n\n\n<p>\u201cFrente a una verdadera atrocidad, L\u00f3pez Obrador reacciona con tibieza, se ha limitado a decir que seg\u00fan \u00e9l est\u00e1 a favor de la paz. La cual adem\u00e1s de ser una posici\u00f3n tibia, es falso. Porque dice que\u00a0<strong>afuera quiere paz pero adentro est\u00e1 en guerra<\/strong>, en guerra contra la oposici\u00f3n, en guerra contra los organismos aut\u00f3nomos, en guerra contra el INE, y hay que decirlo, en guerra contra los\u00a0<strong>periodistas\u201d,\u00a0<\/strong>afirm\u00f3 Anaya Cort\u00e9s.<\/p>\n\n\n\n<p>Record\u00f3 que M\u00e9xico est\u00e1 entre los tres pa\u00edses, adem\u00e1s de Irak y Siria, donde es m\u00e1s peligroso ejercer el periodismo. En el pa\u00eds han sido asesinados al menos<strong>\u00a052 periodistas<\/strong>\u00a0en lo que va de la administraci\u00f3n.<\/p>\n\n\n\n<p>L\u00f3pez Obrador se ha dedicado a atacar a periodistas porque no puede tapar el hoyo de la corrupci\u00f3n por el esc\u00e1ndalo de la Casa Gris, donde est\u00e1 involucrado su hijo Jos\u00e9 Ram\u00f3n L\u00f3pez Beltr\u00e1n. Por ello, se ha lanzado contra Carmen Aristegui y Carlos Loret de Mola, a\u00f1adi\u00f3 el panista.<\/p>\n\n\n\n<p>\u201cAh pero \u00e9l vive en un Palacio y su hijo en una mansi\u00f3n de un mill\u00f3n de d\u00f3lares, con alberca y cine propio.&nbsp;<strong>El que ayer predicaba la austeridad hoy justifica el lujo.&nbsp;<\/strong>O sea, c\u00f3mo no va a ser un esc\u00e1ndalo aqu\u00ed y en cualquier parte del mundo esa contradicci\u00f3n entre la austeridad que predica para los dem\u00e1s y el lujo que justifica entre los suyos\u201d, destac\u00f3 Anaya Cort\u00e9s.<\/p>\n\n\n\n<p>Al respecto de lo que llam\u00f3 la \u201cguerra contra los periodistas\u201d por el caso de la Casa Gris, Anaya dijo que tiene propuestas:<\/p>\n\n\n\n<p>1. Decir no a cualquier acto o iniciativa que pretenda coartar la libertad de expresi\u00f3n<\/p>\n\n\n\n<p>2. Dejar de perseguir a los periodistas y defenderlos con toda la fuerza del Estado<\/p>\n\n\n\n<p>3. Investigar cualquier posible conflicto de inter\u00e9s y acabar con la impunidad<\/p>\n\n\n\n<p>4. Y abandonar la doble moral.<\/p>\n\n\n\n<blockquote class=\"twitter-tweet\"><p lang=\"es\" dir=\"ltr\">La posici\u00f3n de L\u00f3pez Obrador frente a la guerra en Ucrania es tibia y falsa.<br><br>A) Tibia: no tuvo los tama\u00f1os para siquiera decir el nombre de Putin.<br><br>B) Falsa: dice estar a favor de la paz, pero en casa est\u00e1 en guerra contra la oposici\u00f3n, contra el INE y contra la prensa libre. <a href=\"https:\/\/t.co\/ghbC7pF4UZ\">pic.twitter.com\/ghbC7pF4UZ<\/a><\/p>&mdash; RicardoAnayaC (@RicardoAnayaC) <a href=\"https:\/\/twitter.com\/RicardoAnayaC\/status\/1498281836342034432?ref_src=twsrc%5Etfw\">February 28, 2022<\/a><\/blockquote> <script async src=\"https:\/\/platform.twitter.com\/widgets.js\" charset=\"utf-8\"><\/script>\n\n\n\n<p>Fuente: <a href=\"https:\/\/www.elfinanciero.com.mx\/nacional\/2022\/02\/28\/amlo-dice-que-quiere-paz-en-ucrania-pero-aqui-esta-en-guerra-con-periodistas-ricardo-anaya\/\" data-type=\"URL\" data-id=\"https:\/\/www.elfinanciero.com.mx\/nacional\/2022\/02\/28\/amlo-dice-que-quiere-paz-en-ucrania-pero-aqui-esta-en-guerra-con-periodistas-ricardo-anaya\/\">El financiero<\/a><\/p>\n","protected":false},"excerpt":{"rendered":"<p>El presidente&nbsp;Andr\u00e9s Manuel L\u00f3pez Obrador&nbsp;ha tenido una postura tibia y falsa ante la invasi\u00f3n de&nbsp;Rusia a Ucrania, dice que quiere la paz, pero en M\u00e9xico est\u00e1 en guerra contra la oposici\u00f3n y contra periodistas, apunt\u00f3 este lunes Ricardo Anaya Cort\u00e9s.. En su video semanal, el panista se\u00f1al\u00f3 que el presidente no ha tenido el valor [&hellip;]<\/p>\n","protected":false},"author":35,"featured_media":27941,"comment_status":"open","ping_status":"open","sticky":false,"template":"","format":"standard","meta":{"_monsterinsights_skip_tracking":false,"_monsterinsights_sitenote_active":false,"_monsterinsights_sitenote_note":"","_monsterinsights_sitenote_category":0,"footnotes":""},"categories":[158],"tags":[188,187,457,509,5041],"class_list":["post-42839","post","type-post","status-publish","format-standard","has-post-thumbnail","hentry","category-politica","tag-amlo","tag-guerra","tag-periodistas","tag-ricardo-anaya","tag-ucrania","wp-image-borders"],"amp_enabled":true,"_links":{"self":[{"href":"https:\/\/nvnoticias.mx\/index.php\/wp-json\/wp\/v2\/posts\/42839","targetHints":{"allow":["GET"]}}],"collection":[{"href":"https:\/\/nvnoticias.mx\/index.php\/wp-json\/wp\/v2\/posts"}],"about":[{"href":"https:\/\/nvnoticias.mx\/index.php\/wp-json\/wp\/v2\/types\/post"}],"author":[{"embeddable":true,"href":"https:\/\/nvnoticias.mx\/index.php\/wp-json\/wp\/v2\/users\/35"}],"replies":[{"embeddable":true,"href":"https:\/\/nvnoticias.mx\/index.php\/wp-json\/wp\/v2\/comments?post=42839"}],"version-history":[{"count":1,"href":"https:\/\/nvnoticias.mx\/index.php\/wp-json\/wp\/v2\/posts\/42839\/revisions"}],"predecessor-version":[{"id":42841,"href":"https:\/\/nvnoticias.mx\/index.php\/wp-json\/wp\/v2\/posts\/42839\/revisions\/42841"}],"wp:featuredmedia":[{"embeddable":true,"href":"https:\/\/nvnoticias.mx\/index.php\/wp-json\/wp\/v2\/media\/27941"}],"wp:attachment":[{"href":"https:\/\/nvnoticias.mx\/index.php\/wp-json\/wp\/v2\/media?parent=42839"}],"wp:term":[{"taxonomy":"category","embeddable":true,"href":"https:\/\/nvnoticias.mx\/index.php\/wp-json\/wp\/v2\/categories?post=42839"},{"taxonomy":"post_tag","embeddable":true,"href":"https:\/\/nvnoticias.mx\/index.php\/wp-json\/wp\/v2\/tags?post=42839"}],"curies":[{"name":"wp","href":"https:\/\/api.w.org\/{rel}","templated":true}]}}