{"id":42834,"date":"2022-02-28T09:35:24","date_gmt":"2022-02-28T15:35:24","guid":{"rendered":"https:\/\/nvnoticias.mx\/?p=42834"},"modified":"2022-02-28T09:35:26","modified_gmt":"2022-02-28T15:35:26","slug":"la-guerra-de-propaganda","status":"publish","type":"post","link":"https:\/\/nvnoticias.mx\/index.php\/2022\/02\/28\/la-guerra-de-propaganda\/","title":{"rendered":"La guerra de propaganda"},"content":{"rendered":"\n<p><strong>Edgard Gonz\u00e1lez Su\u00e1rez<\/strong><\/p>\n\n\n\n<p>La escalada medi\u00e1tica y la guerra de propaganda, esa que parece no ser cruenta, pero que deja miles y millones de damnificados en las sociedades qu\u00e9 asumiendo los principios de libertad y verdad en la informaci\u00f3n, pronto se ven presas de las m\u00e1s burdas mentiras y recreaciones medi\u00e1ticas.&nbsp;<\/p>\n\n\n\n<p>En efecto, como resultado de la guerra entre Rusia y Ucrania, los conglomerados medi\u00e1ticos ligados al proyecto de dominaci\u00f3n angloamericano han recreado por radio, prensa, televisi\u00f3n y redes sociales, lo que ser\u00eda su visi\u00f3n de dicho enfrentamiento.&nbsp;<\/p>\n\n\n\n<p>Todos ellos se han decantado por los siguientes titulares:&nbsp;<\/p>\n\n\n\n<p>La BBC \u201cRusia invade Ucrania\u201d, \u201cLa mayor ofensiva militar contra Europa desde la segunda guerra mundial\u201d; CNN \u201cRusia ataca a Ucrania\u201d, \u201cMiles y miles de refugiados huyen ante los ataques rusos\u201d; El pa\u00eds \u201cVladimir Putin lanza ofensiva en contra de un pa\u00eds vecino\u201d;&nbsp; Le f\u00edgaro \u201cPutin ataca Rusia y el mundo al borde de una III guerra mundial\u201d; Le Monde \u201cRusia ataca a Ucrania en varios frentes\u201d, \u201cEl objetivo de Putin es claro: romper Ucrania\u201d, \u201cPutin es de hecho el \u00fanico responsable de esta guerra\u201d Liberation \u201cla invasi\u00f3n de Ucrania, que nadie quer\u00eda creer, excepto Biden\u201d; El Corriere de la ser\u00e1 \u201cnecesitamos una respuesta contundente de Europa\u201d, el Zeitung M\u00fanich \u201cLa guerra de Putin, el miedo de Europa\u201d. Las redes sociales, disparatadas y sin control se sumaron a la l\u00ednea demonizadora de Putin: \u201cEl oso ruso despedaza a Ucrania\u201d, \u201c#Todos somos Ucrania ante el invasor Putin\u201d, \u201cRusia debe cesar los ataques a Ucrania\u201d \u201cEl ataque de Rusia Ucrania dejar\u00e1 sombr\u00edas e imprevisibles consecuencias\u201d, \u201cEl objetivo de Putin es la expansi\u00f3n rusa mediante la conquista y la guerra\u201d, \u201cPutin empieza ofensiva contra un pa\u00eds independiente\u201d.&nbsp;<\/p>\n\n\n\n<p>Es claro primero el mensaje: Putin es igual Gengis Khan, un salvaje depredador. La l\u00ednea editorial configur\u00f3 r\u00e1pidamente las acciones rusas en el marco de interpretaci\u00f3n de una INVASI\u00d3N y un ATAQUE a un pa\u00eds no agresor. Tanto Radio y Televisi\u00f3n otorgaron m\u00e1s tiempo a la \u201cnoticia\u201d del ataque, y muy pocos, y en muy pocos espacios se pretendi\u00f3 hacer un an\u00e1lisis de las causas y el porqu\u00e9 de las acciones militares.&nbsp;<\/p>\n\n\n\n<p>Y a\u00fan, cuando hay intentos de an\u00e1lisis, la l\u00ednea argumentativa es \u201cUcrania es v\u00edctima del ej\u00e9rcito ruso por su Gas y minerales\u201d, es decir, nuevamente un ataque depredador del r\u00e9gimen ruso.&nbsp;<\/p>\n\n\n\n<p>Por otro lado, esta imagen, recreada por todos los medios de informaci\u00f3n posibles, evidenci\u00f3 varias cosas:&nbsp;<\/p>\n\n\n\n<ol class=\"wp-block-list\"><li>Europa no va a air a una guerra con Rusia, solo puede atinar a hablar de sanciones.\u00a0<\/li><li>EEUU no va a ir a la guerra por una Ucrania, plurinacional, d\u00e9bil econ\u00f3micamente y donde los rusos tienen historia, lengua e inversiones econ\u00f3micas.\u00a0<\/li><li>La guerra la anunci\u00f3 Putin desde el momento mismo que el r\u00e9gimen de Kiev pretendi\u00f3 incorporarse a la OTAN, desde que Kiev se neg\u00f3 a firmar los acuerdos de Minsk y desde que los nazis ucranianos decidieron exterminar a todos los ruso-f\u00f3nicos y a las etnias y nacionalidades no ucranianas (rumanos, t\u00e1rtaros, bielorrusos, b\u00falgaros, eslavos, jud\u00edos, h\u00fangaros y polacos etc.) \u00a0<\/li><li>Los niveles de sanciones ser\u00e1n temporales, y su impacto letal en las finanzas rusas ser\u00e1n tambi\u00e9n temporales.\u00a0<\/li><li>Seguramente, m\u00e1s pronto que tarde, se iniciar\u00e1n negociaciones de alto al fuego, y la regi\u00f3n del Donb\u00e1s pasar\u00e1 a ser administrada por el gobierno ruso, o una coalici\u00f3n prorrusa, y el resto de Ucrania ser\u00e1 administrada por un gobierno neutral.\u00a0<\/li><\/ol>\n\n\n\n<p>Es decir, los acuerdos de Minsk firmados desde 2014 pero fracasados por acusaciones mutuas de violaci\u00f3n a dichos acuerdos, ser\u00e1n actualizados, pero ahora bajo la presi\u00f3n y toma de ciudades del ej\u00e9rcito ruso.&nbsp;<\/p>\n\n\n\n<p>Ni habr\u00e1 III guerra mundial, ni la OTAN bombardear\u00e1 Mosc\u00fa, ni habr\u00e1 derrumbe o invasi\u00f3n los pa\u00edses europeos.&nbsp;<\/p>\n\n\n\n<p>Como siempre a la Guerra de Misiles y tanques, le precede la guerra de propaganda. Pronto habr\u00e1 una tensa calma en la zona.&nbsp;<\/p>\n","protected":false},"excerpt":{"rendered":"<p>Edgard Gonz\u00e1lez Su\u00e1rez La escalada medi\u00e1tica y la guerra de propaganda, esa que parece no ser cruenta, pero que deja miles y millones de damnificados en las sociedades qu\u00e9 asumiendo los principios de libertad y verdad en la informaci\u00f3n, pronto se ven presas de las m\u00e1s burdas mentiras y recreaciones medi\u00e1ticas.&nbsp; En efecto, como resultado [&hellip;]<\/p>\n","protected":false},"author":26,"featured_media":42840,"comment_status":"open","ping_status":"open","sticky":false,"template":"","format":"standard","meta":{"_monsterinsights_skip_tracking":false,"_monsterinsights_sitenote_active":false,"_monsterinsights_sitenote_note":"","_monsterinsights_sitenote_category":0,"footnotes":""},"categories":[242],"tags":[702],"class_list":["post-42834","post","type-post","status-publish","format-standard","has-post-thumbnail","hentry","category-macroscopio","tag-edgard-gonzalez-suarez","wp-image-borders"],"amp_enabled":true,"_links":{"self":[{"href":"https:\/\/nvnoticias.mx\/index.php\/wp-json\/wp\/v2\/posts\/42834","targetHints":{"allow":["GET"]}}],"collection":[{"href":"https:\/\/nvnoticias.mx\/index.php\/wp-json\/wp\/v2\/posts"}],"about":[{"href":"https:\/\/nvnoticias.mx\/index.php\/wp-json\/wp\/v2\/types\/post"}],"author":[{"embeddable":true,"href":"https:\/\/nvnoticias.mx\/index.php\/wp-json\/wp\/v2\/users\/26"}],"replies":[{"embeddable":true,"href":"https:\/\/nvnoticias.mx\/index.php\/wp-json\/wp\/v2\/comments?post=42834"}],"version-history":[{"count":1,"href":"https:\/\/nvnoticias.mx\/index.php\/wp-json\/wp\/v2\/posts\/42834\/revisions"}],"predecessor-version":[{"id":42835,"href":"https:\/\/nvnoticias.mx\/index.php\/wp-json\/wp\/v2\/posts\/42834\/revisions\/42835"}],"wp:featuredmedia":[{"embeddable":true,"href":"https:\/\/nvnoticias.mx\/index.php\/wp-json\/wp\/v2\/media\/42840"}],"wp:attachment":[{"href":"https:\/\/nvnoticias.mx\/index.php\/wp-json\/wp\/v2\/media?parent=42834"}],"wp:term":[{"taxonomy":"category","embeddable":true,"href":"https:\/\/nvnoticias.mx\/index.php\/wp-json\/wp\/v2\/categories?post=42834"},{"taxonomy":"post_tag","embeddable":true,"href":"https:\/\/nvnoticias.mx\/index.php\/wp-json\/wp\/v2\/tags?post=42834"}],"curies":[{"name":"wp","href":"https:\/\/api.w.org\/{rel}","templated":true}]}}