{"id":42810,"date":"2022-02-27T12:46:43","date_gmt":"2022-02-27T18:46:43","guid":{"rendered":"https:\/\/nvnoticias.mx\/?p=42810"},"modified":"2022-02-27T12:47:47","modified_gmt":"2022-02-27T18:47:47","slug":"inician-operativos-de-vacunacion-de-reforzamiento-en-151-municipios","status":"publish","type":"post","link":"https:\/\/nvnoticias.mx\/index.php\/2022\/02\/27\/inician-operativos-de-vacunacion-de-reforzamiento-en-151-municipios\/","title":{"rendered":"Inician operativos de vacunaci\u00f3n de reforzamiento en 151 municipios"},"content":{"rendered":"\n<p>Arrancan los operativos de reforzamiento en los 151 municipios restantes que estar\u00e1n vacunando hasta el 12 de marzo al sector de 30 a 39 a\u00f1os, con ello concluir\u00e1n en su totalidad las jornadas de vacunaci\u00f3n para esta generaci\u00f3n, inform\u00f3 el Delegado de Programas para el Desarrollo, Manuel Huerta Ladr\u00f3n de Guevara. &nbsp;<\/p>\n\n\n\n<p>El funcionario destac\u00f3 que algunos de los municipios que arrancan son: Tlacojalpan, Otatitl\u00e1n, Acutzingo, Jos\u00e9 Azueta, Playa Vicente; a partir de ma\u00f1ana en Lerdo de Tejada, Cazones, \u00c1ngel R. Cabada; para el lunes 28 mencion\u00f3 Cosoleacaque, Las Choapas, Papantla, Alto Lucero, Las Vigas, Pueblo Viejo y Tepatlaxco, entre otros.&nbsp;<\/p>\n\n\n\n<p>Al respecto destac\u00f3 la labor que las Brigadas Correcaminos realizan al llegar a las comunidades m\u00e1s alejadas, con la intenci\u00f3n de cumplir el objetivo de aumentar la cantidad de gente que tenga su vacuna. El funcionario destac\u00f3 que se han aplicado hasta el momento m\u00e1s de 10 millones de dosis tan s\u00f3lo en Veracruz, adem\u00e1s de registrar un avance del 82 por ciento en la vacunaci\u00f3n de la poblaci\u00f3n mayor de 18 a\u00f1os.&nbsp;<\/p>\n\n\n\n<p>El Delegado reiter\u00f3, por otra parte, que no est\u00e1 aprobada por la vacunaci\u00f3n para los menores de 12 a\u00f1os. Explic\u00f3 que este sector no est\u00e1 en riesgo de presentar complicaciones debido a la enfermedad, pero s\u00ed destac\u00f3 que solamente se atiende a este sector si presentan alguna comorbilidad.&nbsp;<\/p>\n\n\n\n<p>En otro orden, coment\u00f3 sobre la federalizaci\u00f3n de los sistemas de salud estatales en estados como Colima, Sonora, Tlaxcala, Nayarit, entre otros. Huerta se\u00f1al\u00f3 que con ello el Gobierno busca cumplir el compromiso de garantizar m\u00e9dicos y medicinas gratuitas para todos los ciudadanos; explic\u00f3 que es un mecanismo que permite que el IMSS se haga cargo de las Instituciones de salud para aumentar y mejorar la capacidad de atenci\u00f3n a toda la poblaci\u00f3n.\u00a0<\/p>\n\n\n\n<p>Finalmente, sobre los operativos para la revisi\u00f3n del padr\u00f3n del Programa Producci\u00f3n para el Bienestar dijo que avanza con buen ritmo y mencion\u00f3 que su actualizaci\u00f3n se realizar\u00e1 a partir del 15 abril, en fecha posterior a la revocaci\u00f3n del mandato.&nbsp;<\/p>\n","protected":false},"excerpt":{"rendered":"<p>Arrancan los operativos de reforzamiento en los 151 municipios restantes que estar\u00e1n vacunando hasta el 12 de marzo al sector de 30 a 39 a\u00f1os, con ello concluir\u00e1n en su totalidad las jornadas de vacunaci\u00f3n para esta generaci\u00f3n, inform\u00f3 el Delegado de Programas para el Desarrollo, Manuel Huerta Ladr\u00f3n de Guevara. &nbsp; El funcionario destac\u00f3 [&hellip;]<\/p>\n","protected":false},"author":6,"featured_media":42811,"comment_status":"open","ping_status":"open","sticky":false,"template":"","format":"standard","meta":{"_monsterinsights_skip_tracking":false,"_monsterinsights_sitenote_active":false,"_monsterinsights_sitenote_note":"","_monsterinsights_sitenote_category":0,"footnotes":""},"categories":[156],"tags":[5082,809],"class_list":["post-42810","post","type-post","status-publish","format-standard","has-post-thumbnail","hentry","category-estado","tag-reforzamiento","tag-vacunacion","wp-image-borders"],"amp_enabled":true,"_links":{"self":[{"href":"https:\/\/nvnoticias.mx\/index.php\/wp-json\/wp\/v2\/posts\/42810","targetHints":{"allow":["GET"]}}],"collection":[{"href":"https:\/\/nvnoticias.mx\/index.php\/wp-json\/wp\/v2\/posts"}],"about":[{"href":"https:\/\/nvnoticias.mx\/index.php\/wp-json\/wp\/v2\/types\/post"}],"author":[{"embeddable":true,"href":"https:\/\/nvnoticias.mx\/index.php\/wp-json\/wp\/v2\/users\/6"}],"replies":[{"embeddable":true,"href":"https:\/\/nvnoticias.mx\/index.php\/wp-json\/wp\/v2\/comments?post=42810"}],"version-history":[{"count":2,"href":"https:\/\/nvnoticias.mx\/index.php\/wp-json\/wp\/v2\/posts\/42810\/revisions"}],"predecessor-version":[{"id":42813,"href":"https:\/\/nvnoticias.mx\/index.php\/wp-json\/wp\/v2\/posts\/42810\/revisions\/42813"}],"wp:featuredmedia":[{"embeddable":true,"href":"https:\/\/nvnoticias.mx\/index.php\/wp-json\/wp\/v2\/media\/42811"}],"wp:attachment":[{"href":"https:\/\/nvnoticias.mx\/index.php\/wp-json\/wp\/v2\/media?parent=42810"}],"wp:term":[{"taxonomy":"category","embeddable":true,"href":"https:\/\/nvnoticias.mx\/index.php\/wp-json\/wp\/v2\/categories?post=42810"},{"taxonomy":"post_tag","embeddable":true,"href":"https:\/\/nvnoticias.mx\/index.php\/wp-json\/wp\/v2\/tags?post=42810"}],"curies":[{"name":"wp","href":"https:\/\/api.w.org\/{rel}","templated":true}]}}