{"id":42762,"date":"2022-02-27T09:39:33","date_gmt":"2022-02-27T15:39:33","guid":{"rendered":"https:\/\/nvnoticias.mx\/?p=42762"},"modified":"2022-02-27T09:39:35","modified_gmt":"2022-02-27T15:39:35","slug":"ordena-rusia-poner-en-alerta-maxima-a-fuerzas-de-disuasion-nuclear","status":"publish","type":"post","link":"https:\/\/nvnoticias.mx\/index.php\/2022\/02\/27\/ordena-rusia-poner-en-alerta-maxima-a-fuerzas-de-disuasion-nuclear\/","title":{"rendered":"Ordena Rusia poner en alerta m\u00e1xima a fuerzas de disuasi\u00f3n nuclear"},"content":{"rendered":"\n<p class=\"wp-block-paragraph\">En el cuarto d\u00eda de la invasi\u00f3n de Ucrania\u00a0por parte de Mosc\u00fa, el presidente ruso, Vladimir Putin, inform\u00f3 que pon\u00eda en alerta las &#8220;fuerzas de disuasi\u00f3n&#8221; del ej\u00e9rcito ruso.\u00a0 <\/p>\n\n\n\n<blockquote class=\"wp-block-quote is-layout-flow wp-block-quote-is-layout-flow\"><p>&#8220;Ordeno al ministro de Defensa y al jefe del Estado Mayor que pongan las fuerzas de disuasi\u00f3n del ej\u00e9rcito ruso en alerta especial de combate&#8221;, dijo Putin en una reuni\u00f3n televisada con sus jefes militares. <\/p><\/blockquote>\n\n\n\n<p class=\"wp-block-paragraph\">El ministro de Defensa, Sergu\u00e9i Shoig\u00fa, respondi\u00f3: &#8220;Afirmativo&#8221;. Las tensiones internacionales ya se han disparado por la invasi\u00f3n rusa de Ucrania y la orden de Putin podr\u00eda causar a\u00fan m\u00e1s alarma. <\/p>\n\n\n\n<p class=\"wp-block-paragraph\">Mosc\u00fa posee el segundo arsenal de armas nucleares del mundo y un enorme arsenal de misiles bal\u00edsticos que constituyen la columna vertebral de las fuerzas de disuasi\u00f3n del pa\u00eds. <\/p>\n\n\n\n<blockquote class=\"wp-block-quote is-layout-flow wp-block-quote-is-layout-flow\"><p>&#8220;Ven que los pa\u00edses occidentales no s\u00f3lo son hostiles a nuestro pa\u00eds en el \u00e1mbito econ\u00f3mico, me refiero a las sanciones ileg\u00edtimas&#8221;, a\u00f1adi\u00f3, en un discurso televisado. &#8220;Altos funcionarios de los principales pa\u00edses de la OTAN tambi\u00e9n permiten declaraciones agresivas contra nuestro pa\u00eds&#8221;, dijo. <\/p><\/blockquote>\n\n\n\n<p class=\"wp-block-paragraph\">El mandatario ruso orden\u00f3 la invasi\u00f3n de Ucrania el jueves de madrugada. Desde entonces, las tropas entraron al pa\u00eds desde el norte, el este y el sur, pero se han enfrentado a una feroz resistencia por parte de las tropas ucranianas. <\/p>\n\n\n\n<p class=\"wp-block-paragraph\">Fuente: <a href=\"https:\/\/www.milenio.com\/internacional\/rusia-ordena-alerta-maxima-fuerzas-disuasion-nuclear\">Milenio<\/a><\/p>\n","protected":false},"excerpt":{"rendered":"<p>En el cuarto d\u00eda de la invasi\u00f3n de Ucrania\u00a0por parte de Mosc\u00fa, el presidente ruso, Vladimir Putin, inform\u00f3 que pon\u00eda en alerta las &#8220;fuerzas de disuasi\u00f3n&#8221; del ej\u00e9rcito ruso.\u00a0 &#8220;Ordeno al ministro de Defensa y al jefe del Estado Mayor que pongan las fuerzas de disuasi\u00f3n del ej\u00e9rcito ruso en alerta especial de combate&#8221;, dijo [&hellip;]<\/p>\n","protected":false},"author":6,"featured_media":16172,"comment_status":"open","ping_status":"open","sticky":false,"template":"","format":"standard","meta":{"_monsterinsights_skip_tracking":false,"footnotes":""},"categories":[181],"tags":[10966,537],"class_list":["post-42762","post","type-post","status-publish","format-standard","has-post-thumbnail","hentry","category-internacional","tag-nuclear","tag-rusia","wp-image-borders"],"amp_enabled":true,"_links":{"self":[{"href":"https:\/\/nvnoticias.mx\/index.php\/wp-json\/wp\/v2\/posts\/42762","targetHints":{"allow":["GET"]}}],"collection":[{"href":"https:\/\/nvnoticias.mx\/index.php\/wp-json\/wp\/v2\/posts"}],"about":[{"href":"https:\/\/nvnoticias.mx\/index.php\/wp-json\/wp\/v2\/types\/post"}],"author":[{"embeddable":true,"href":"https:\/\/nvnoticias.mx\/index.php\/wp-json\/wp\/v2\/users\/6"}],"replies":[{"embeddable":true,"href":"https:\/\/nvnoticias.mx\/index.php\/wp-json\/wp\/v2\/comments?post=42762"}],"version-history":[{"count":1,"href":"https:\/\/nvnoticias.mx\/index.php\/wp-json\/wp\/v2\/posts\/42762\/revisions"}],"predecessor-version":[{"id":42763,"href":"https:\/\/nvnoticias.mx\/index.php\/wp-json\/wp\/v2\/posts\/42762\/revisions\/42763"}],"wp:featuredmedia":[{"embeddable":true,"href":"https:\/\/nvnoticias.mx\/index.php\/wp-json\/wp\/v2\/media\/16172"}],"wp:attachment":[{"href":"https:\/\/nvnoticias.mx\/index.php\/wp-json\/wp\/v2\/media?parent=42762"}],"wp:term":[{"taxonomy":"category","embeddable":true,"href":"https:\/\/nvnoticias.mx\/index.php\/wp-json\/wp\/v2\/categories?post=42762"},{"taxonomy":"post_tag","embeddable":true,"href":"https:\/\/nvnoticias.mx\/index.php\/wp-json\/wp\/v2\/tags?post=42762"}],"curies":[{"name":"wp","href":"https:\/\/api.w.org\/{rel}","templated":true}]}}