{"id":42671,"date":"2022-02-26T12:29:49","date_gmt":"2022-02-26T18:29:49","guid":{"rendered":"https:\/\/nvnoticias.mx\/?p=42671"},"modified":"2022-02-26T12:29:50","modified_gmt":"2022-02-26T18:29:50","slug":"diputados-votaran-este-domingo-reforma-a-codigo-penal-sobre-ultrajes-a-la-autoridad","status":"publish","type":"post","link":"https:\/\/nvnoticias.mx\/index.php\/2022\/02\/26\/diputados-votaran-este-domingo-reforma-a-codigo-penal-sobre-ultrajes-a-la-autoridad\/","title":{"rendered":"Diputados votar\u00e1n este domingo reforma a C\u00f3digo Penal sobre ultrajes a la autoridad"},"content":{"rendered":"\n<p><strong>Sam Ojeda\u00a0\/ NV Noticias<\/strong><\/p>\n\n\n\n<p>Xalapa.- Este domingo los diputados locales discutir\u00e1n la reforma al art\u00edculo 331 del C\u00f3digo Penal en materia de ultrajes a la autoridad enviada por el gobernador Cuitl\u00e1huac Garc\u00eda Jim\u00e9nez como parte de las recomendaciones hechas a su gobierno por la Comisi\u00f3n Nacional de Derechos Humanos (CNDH).\u00a0<\/p>\n\n\n\n<p>El diputado de Morena Luis Antonio Luna Rosales present\u00f3 la iniciativa que ser\u00e1 votada en sesi\u00f3n extraordinaria durante este domingo pero no se deroga el tipo penal de ultrajes a la autoridad, sino eliminar del art\u00edculo que la violencia verbal pueda ser tomada como ultrajes.<\/p>\n\n\n\n<p>\u00a0Hay que recordar que actualmente el C\u00f3digo establece que se impondr\u00e1n de seis meses a dos a\u00f1os de prisi\u00f3n y multa de 10 a 40 veces el valor de la unidad de medida y actualizaci\u00f3n diaria, a quien amenace o agreda a un servidor p\u00fablico en el momento de ejercer sus funciones o con motivo de ellas.<\/p>\n\n\n\n<p>Adem\u00e1s, \u201cse le aplicar\u00e1 al responsable de este delito, adem\u00e1s de las sanciones anteriores, de cinco a siete a\u00f1os de prisi\u00f3n, cuando se actualicen cualquiera de los supuestos siguientes:<\/p>\n\n\n\n<p>I. Se realice por una o m\u00e1s personas armadas o portando instrumentos peligrosos; <\/p>\n\n\n\n<p>II. Se realice por medio de cualquier tipo de violencia contra la v\u00edctima; <\/p>\n\n\n\n<p>III. Que el sujeto activo manifieste ser miembro de una pandilla, asociaci\u00f3n delictuosa o de la delincuencia organizada, real o ficticia o que por cualquier medio manifieste la intervenci\u00f3n de estos grupos en la comisi\u00f3n del delito; o <\/p>\n\n\n\n<p>IV. Que se realice a trav\u00e9s de cualquier otra circunstancia que disminuya las posibilidades de defensa o protecci\u00f3n del sujeto pasivo o lo ponga en condiciones de riesgo o desventaja\u201d.<\/p>\n\n\n\n<p>De esta manera los diputados de Morena pretenden modificar el apartado II de este delito, para reemplazar el t\u00e9rmino \u201ccualquier tipo de violencia\u201d, por el de \u201cviolencia f\u00edsica\u201d.<\/p>\n\n\n\n<p>Adem\u00e1s, se elimina el p\u00e1rrafo IV que indica \u201cQue se realice a trav\u00e9s de cualquier otra circunstancia que disminuya las posibilidades de defensa o protecci\u00f3n del sujeto pasivo o lo ponga en condiciones de riesgo o desventaja\u201d.<\/p>\n\n\n\n<p>Cabe destacar que el pasado 31 de enero se dio entrada a la iniciativa del Gobernador que deriv\u00f3 de la recomendaci\u00f3n 146\/2021 de la Comisi\u00f3n Nacional de Derechos Humanos (CNDH)\u00a0 luego que polic\u00edas estatales incurrieron en una presunta violaci\u00f3n de derechos humanos de siete j\u00f3venes en un centro comercial de Xalapa.<\/p>\n","protected":false},"excerpt":{"rendered":"<p>Sam Ojeda\u00a0\/ NV Noticias Xalapa.- Este domingo los diputados locales discutir\u00e1n la reforma al art\u00edculo 331 del C\u00f3digo Penal en materia de ultrajes a la autoridad enviada por el gobernador Cuitl\u00e1huac Garc\u00eda Jim\u00e9nez como parte de las recomendaciones hechas a su gobierno por la Comisi\u00f3n Nacional de Derechos Humanos (CNDH).\u00a0 El diputado de Morena Luis [&hellip;]<\/p>\n","protected":false},"author":8,"featured_media":8219,"comment_status":"open","ping_status":"open","sticky":false,"template":"","format":"standard","meta":{"_monsterinsights_skip_tracking":false,"_monsterinsights_sitenote_active":false,"_monsterinsights_sitenote_note":"","_monsterinsights_sitenote_category":0,"footnotes":""},"categories":[158],"tags":[566,162,2591,3986],"class_list":["post-42671","post","type-post","status-publish","format-standard","has-post-thumbnail","hentry","category-politica","tag-diputados","tag-portada","tag-ultrajes-a-la-autoridad","tag-votacion","wp-image-borders"],"amp_enabled":true,"_links":{"self":[{"href":"https:\/\/nvnoticias.mx\/index.php\/wp-json\/wp\/v2\/posts\/42671","targetHints":{"allow":["GET"]}}],"collection":[{"href":"https:\/\/nvnoticias.mx\/index.php\/wp-json\/wp\/v2\/posts"}],"about":[{"href":"https:\/\/nvnoticias.mx\/index.php\/wp-json\/wp\/v2\/types\/post"}],"author":[{"embeddable":true,"href":"https:\/\/nvnoticias.mx\/index.php\/wp-json\/wp\/v2\/users\/8"}],"replies":[{"embeddable":true,"href":"https:\/\/nvnoticias.mx\/index.php\/wp-json\/wp\/v2\/comments?post=42671"}],"version-history":[{"count":1,"href":"https:\/\/nvnoticias.mx\/index.php\/wp-json\/wp\/v2\/posts\/42671\/revisions"}],"predecessor-version":[{"id":42672,"href":"https:\/\/nvnoticias.mx\/index.php\/wp-json\/wp\/v2\/posts\/42671\/revisions\/42672"}],"wp:featuredmedia":[{"embeddable":true,"href":"https:\/\/nvnoticias.mx\/index.php\/wp-json\/wp\/v2\/media\/8219"}],"wp:attachment":[{"href":"https:\/\/nvnoticias.mx\/index.php\/wp-json\/wp\/v2\/media?parent=42671"}],"wp:term":[{"taxonomy":"category","embeddable":true,"href":"https:\/\/nvnoticias.mx\/index.php\/wp-json\/wp\/v2\/categories?post=42671"},{"taxonomy":"post_tag","embeddable":true,"href":"https:\/\/nvnoticias.mx\/index.php\/wp-json\/wp\/v2\/tags?post=42671"}],"curies":[{"name":"wp","href":"https:\/\/api.w.org\/{rel}","templated":true}]}}