{"id":42642,"date":"2022-02-26T09:58:48","date_gmt":"2022-02-26T15:58:48","guid":{"rendered":"https:\/\/nvnoticias.mx\/?p=42642"},"modified":"2022-02-26T09:58:49","modified_gmt":"2022-02-26T15:58:49","slug":"eventos-deportivos-podrian-potenciar-economia-de-veracruz","status":"publish","type":"post","link":"https:\/\/nvnoticias.mx\/index.php\/2022\/02\/26\/eventos-deportivos-podrian-potenciar-economia-de-veracruz\/","title":{"rendered":"Eventos deportivos podr\u00edan potenciar econom\u00eda de Veracruz"},"content":{"rendered":"\n<p><strong>Jes\u00fas Utrilla \/ NV Noticias<\/strong><\/p>\n\n\n\n<p>Organizadores de eventos deportivos solicitaron el apoyo de los funcionarios p\u00fablicos, pues consideran a trav\u00e9s de sus eventos se puede potencializar la econom\u00eda de los municipios en Veracruz.<\/p>\n\n\n\n<p>Este viernes sostuvieron una reuni\u00f3n con el Senador, Julen Rementer\u00eda del Puerto, a qui\u00e9n le detallaron la ocupaci\u00f3n hotelera y derrama econ\u00f3mica, que se genera con eventos como, el Marat\u00f3n de Boca del R\u00edo y la Carrera Internacional10k \u00a0que organizan el Grupo Correcaminos.<\/p>\n\n\n\n<p>El Senador coment\u00f3 qu\u00e9, los empresarios del ramo deportivo le pidieron se analice legislar qu\u00e9, las aportaciones de la iniciativa privada puedan ser deducibles de impuestos; as\u00ed c\u00f3mo, regular los cobros que realizan ciertos municipios para la organizaci\u00f3n de eventos deportivos.<\/p>\n\n\n\n<blockquote class=\"wp-block-quote is-layout-flow wp-block-quote-is-layout-flow\"><p>&#8220;<em>Tratar de que se entienda y yo creo que esta es la parte fundamental, que se entiende esto como un actividad de promoci\u00f3n de la salud a trav\u00e9s de una v\u00eda deportiva, que tenga que ver con el desarrollo de turismo, y que por supuesto genera una derrama m\u00e1s importante, que a lo mejor se pudiera pensar por otras actividades qu\u00e9 de repente apoyan m\u00e1s que esta<\/em>&#8220;, subray\u00f3.<\/p><\/blockquote>\n\n\n\n<p>Julen Rementer\u00eda dijo que, seg\u00fan los n\u00fameros qu\u00e9 le presentaron los organizadores de eventos deportivos, en carreras ciclistas, pedestres o acu\u00e1ticas, llegan a tener entre 3 mil y 7 mil competidores, adem\u00e1s de familiares y entrenadores, qu\u00e9 generan una gran ocupacion hotelera.<\/p>\n\n\n\n<blockquote class=\"wp-block-quote is-layout-flow wp-block-quote-is-layout-flow\"><p>&#8220;<em>Se menciona, seg\u00fan los datos que ellos tienen qu\u00e9, pueden ser hasta el 50 por ciento de visitantes de otras entidades del pa\u00eds. Entonces imagin\u00e9monos cu\u00e1ndo vienen mil, dos mil, cuatro mil o siete mil, que los tienen, entonces cu\u00e1ntas personas vienen de fuera de nuestra entidad, de fuera de Veracruz, que vienen a gastar, a quedarse en un hotel, a comer, a divertirse, a pasear, y todo esto genera una derrama important\u00edsima qu\u00e9 ayuda, no a los promotores deportivos, no solamente a la promoci\u00f3n del deporte, sino a la actividad comercial en la regi\u00f3n, y eso hay que destacarlo, hay que impulsarlo, hay que entenderlo as\u00ed<\/em>&#8220;, culmin\u00f3.<\/p><\/blockquote>\n","protected":false},"excerpt":{"rendered":"<p>Jes\u00fas Utrilla \/ NV Noticias Organizadores de eventos deportivos solicitaron el apoyo de los funcionarios p\u00fablicos, pues consideran a trav\u00e9s de sus eventos se puede potencializar la econom\u00eda de los municipios en Veracruz. Este viernes sostuvieron una reuni\u00f3n con el Senador, Julen Rementer\u00eda del Puerto, a qui\u00e9n le detallaron la ocupaci\u00f3n hotelera y derrama econ\u00f3mica, [&hellip;]<\/p>\n","protected":false},"author":8,"featured_media":42643,"comment_status":"open","ping_status":"open","sticky":false,"template":"","format":"standard","meta":{"_monsterinsights_skip_tracking":false,"_monsterinsights_sitenote_active":false,"_monsterinsights_sitenote_note":"","_monsterinsights_sitenote_category":0,"footnotes":""},"categories":[154],"tags":[384,10927,808,180],"class_list":["post-42642","post","type-post","status-publish","format-standard","has-post-thumbnail","hentry","category-veracruz","tag-economia","tag-eventos-deportivos","tag-julen-rementeria","tag-veracruz","wp-image-borders"],"amp_enabled":true,"_links":{"self":[{"href":"https:\/\/nvnoticias.mx\/index.php\/wp-json\/wp\/v2\/posts\/42642","targetHints":{"allow":["GET"]}}],"collection":[{"href":"https:\/\/nvnoticias.mx\/index.php\/wp-json\/wp\/v2\/posts"}],"about":[{"href":"https:\/\/nvnoticias.mx\/index.php\/wp-json\/wp\/v2\/types\/post"}],"author":[{"embeddable":true,"href":"https:\/\/nvnoticias.mx\/index.php\/wp-json\/wp\/v2\/users\/8"}],"replies":[{"embeddable":true,"href":"https:\/\/nvnoticias.mx\/index.php\/wp-json\/wp\/v2\/comments?post=42642"}],"version-history":[{"count":1,"href":"https:\/\/nvnoticias.mx\/index.php\/wp-json\/wp\/v2\/posts\/42642\/revisions"}],"predecessor-version":[{"id":42644,"href":"https:\/\/nvnoticias.mx\/index.php\/wp-json\/wp\/v2\/posts\/42642\/revisions\/42644"}],"wp:featuredmedia":[{"embeddable":true,"href":"https:\/\/nvnoticias.mx\/index.php\/wp-json\/wp\/v2\/media\/42643"}],"wp:attachment":[{"href":"https:\/\/nvnoticias.mx\/index.php\/wp-json\/wp\/v2\/media?parent=42642"}],"wp:term":[{"taxonomy":"category","embeddable":true,"href":"https:\/\/nvnoticias.mx\/index.php\/wp-json\/wp\/v2\/categories?post=42642"},{"taxonomy":"post_tag","embeddable":true,"href":"https:\/\/nvnoticias.mx\/index.php\/wp-json\/wp\/v2\/tags?post=42642"}],"curies":[{"name":"wp","href":"https:\/\/api.w.org\/{rel}","templated":true}]}}