{"id":42556,"date":"2022-02-25T14:56:00","date_gmt":"2022-02-25T20:56:00","guid":{"rendered":"https:\/\/nvnoticias.mx\/?p=42556"},"modified":"2022-02-25T14:56:01","modified_gmt":"2022-02-25T20:56:01","slug":"protagoniza-angela-aguilar-con-emotivo-discurso-en-los-premios-lo-nuestro-2022","status":"publish","type":"post","link":"https:\/\/nvnoticias.mx\/index.php\/2022\/02\/25\/protagoniza-angela-aguilar-con-emotivo-discurso-en-los-premios-lo-nuestro-2022\/","title":{"rendered":"Protagoniza \u00c1ngela Aguilar con emotivo discurso en los Premios Lo Nuestro 2022"},"content":{"rendered":"\n<p><strong>\u00c1ngela Aguilar<\/strong>&nbsp;protagoniz\u00f3 uno de los momentos m\u00e1s emotivos en los<strong>&nbsp;Premios Lo Nuestro&nbsp;<\/strong>debido a las palabras que lanz\u00f3 tras galardonarse como&nbsp;<strong>Artista revelaci\u00f3n femenina<\/strong>.<\/p>\n\n\n\n<p>Luego de que medios de comunicaci\u00f3n y fans de la joven en constantes ocasiones han se\u00f1alado que existe una supuesta rivalidad entre la hija de\u00a0<strong>Pepe Aguilar<\/strong>\u00a0y su prima,\u00a0<strong>Majo Aguilar<\/strong>, la int\u00e9rprete de\u00a0<em>Ah\u00ed donde me ven<\/em>destac\u00f3\u00a0<strong>la importancia de las mujeres dentro del g\u00e9nero regional mexicano<\/strong>.<\/p>\n\n\n\n<p>\u201c<strong>Quiero dedicarle esto a todas las mujeres,<\/strong>\u00a0porque el g\u00e9nero regional mexicano es un g\u00e9nero que necesita traer a m\u00e1s mujeres y<strong>\u00a0estoy muy contenta de poder representar a la nueva generaci\u00f3n de mexicanos<\/strong>\u00a0y espero que todas las ni\u00f1as que nos est\u00e1n viendo en casa se animen porque<strong>\u00a0las mujeres fuertes s\u00ed podemos<\/strong>\u201d, declar\u00f3 \u00c1ngela Aguilar al recibir el premio Artista revelaci\u00f3n femenina,\u00a0<strong>mismo al que contend\u00eda su prima Majo<\/strong>.<\/p>\n\n\n\n<p>Es innegable el talento que ha desprendido de la Dinast\u00eda Aguilar, desde<strong>&nbsp;Antonio Aguilar<\/strong>&nbsp;y&nbsp;<strong>Flor Silvestre<\/strong>&nbsp;hasta los hijos de Pepe Aguilar, sin embargo, en m\u00e1s de una ocasi\u00f3n<strong>&nbsp;las j\u00f3venes interpretes han negado que hay un conflicto<\/strong>&nbsp;entre ambas.<\/p>\n\n\n\n<p>\u201c<strong>No hay rivalidad&nbsp;<\/strong>y justamente agarr\u00e9 mi celular porque ayer le escrib\u00ed a mi prima y le mand\u00e9 muchos&nbsp;<em>stickers<\/em>&nbsp;dici\u00e9ndole que muchas felicidades por su nominaci\u00f3n (&#8230;)&nbsp;<strong>Literal no hay rivalidad entre mi prima y yo porque empezamos a cantar juntas&nbsp;<\/strong>en la despedida de mis abuelos, la adoro\u201d, expres\u00f3 \u00c1ngela en entrevista con&nbsp;<em>Despierta Am\u00e9rica.&nbsp;<\/em>\u201cDe verdad<strong>, yo creo que como mujeres no nos podemos dar el lujo de tener rivalidades<\/strong>&nbsp;porque estamos en un momento y en un g\u00e9nero donde eso ya no se acepta\u201d, a\u00f1adi\u00f3.<\/p>\n\n\n\n<p>Mientras tanto, Majo Aguilar ha dejado en claro que lo dicho en medios y entre sus fans le causa gran molestia debido a la\u00a0<strong>cercan\u00eda que tiene con su familia<\/strong>.<\/p>\n\n\n\n<p>\u201c<strong>Ya muy aqu\u00ed entre nos, s\u00ed ha sido de repente muy desgastante porque pues quieras o no yo soy muy sensible y yo quiero mucho a mi familia<\/strong>, y por m\u00e1s que t\u00fa aclares cosas (no dejan de comentar). Porque pues s\u00ed de repente hay que aclarar cosas\u201d, expres\u00f3 para\u00a0<em>Ventanenado\u00a0<\/em>a inicios de mes.\u00a0<strong>Yo siempre he dicho, no son olimpiadas, o sea, no es como que tiene que ganar la una o la otra\u2026<\/strong>\u00a0Y hablo espec\u00edficamente de ella porque siempre es esa la comparaci\u00f3n\u201d, expres\u00f3.<\/p>\n\n\n\n<p>Fuente: <a href=\"https:\/\/www.infobae.com\/america\/entretenimiento\/2022\/02\/25\/el-emotivo-discurso-de-angela-aguilar-en-los-premios-lo-nuestro-2022\/\" data-type=\"URL\" data-id=\"https:\/\/www.infobae.com\/america\/entretenimiento\/2022\/02\/25\/el-emotivo-discurso-de-angela-aguilar-en-los-premios-lo-nuestro-2022\/\">Infobae<\/a><\/p>\n","protected":false},"excerpt":{"rendered":"<p>\u00c1ngela Aguilar&nbsp;protagoniz\u00f3 uno de los momentos m\u00e1s emotivos en los&nbsp;Premios Lo Nuestro&nbsp;debido a las palabras que lanz\u00f3 tras galardonarse como&nbsp;Artista revelaci\u00f3n femenina. Luego de que medios de comunicaci\u00f3n y fans de la joven en constantes ocasiones han se\u00f1alado que existe una supuesta rivalidad entre la hija de\u00a0Pepe Aguilar\u00a0y su prima,\u00a0Majo Aguilar, la int\u00e9rprete de\u00a0Ah\u00ed donde [&hellip;]<\/p>\n","protected":false},"author":35,"featured_media":41557,"comment_status":"open","ping_status":"open","sticky":false,"template":"","format":"standard","meta":{"_monsterinsights_skip_tracking":false,"_monsterinsights_sitenote_active":false,"_monsterinsights_sitenote_note":"","_monsterinsights_sitenote_category":0,"footnotes":""},"categories":[576],"tags":[10584,1591,10900,10901],"class_list":["post-42556","post","type-post","status-publish","format-standard","has-post-thumbnail","hentry","category-ocio","tag-angela-aguilar","tag-discurso","tag-emotivo","tag-premios-lo-nuestro","wp-image-borders"],"amp_enabled":true,"_links":{"self":[{"href":"https:\/\/nvnoticias.mx\/index.php\/wp-json\/wp\/v2\/posts\/42556","targetHints":{"allow":["GET"]}}],"collection":[{"href":"https:\/\/nvnoticias.mx\/index.php\/wp-json\/wp\/v2\/posts"}],"about":[{"href":"https:\/\/nvnoticias.mx\/index.php\/wp-json\/wp\/v2\/types\/post"}],"author":[{"embeddable":true,"href":"https:\/\/nvnoticias.mx\/index.php\/wp-json\/wp\/v2\/users\/35"}],"replies":[{"embeddable":true,"href":"https:\/\/nvnoticias.mx\/index.php\/wp-json\/wp\/v2\/comments?post=42556"}],"version-history":[{"count":1,"href":"https:\/\/nvnoticias.mx\/index.php\/wp-json\/wp\/v2\/posts\/42556\/revisions"}],"predecessor-version":[{"id":42557,"href":"https:\/\/nvnoticias.mx\/index.php\/wp-json\/wp\/v2\/posts\/42556\/revisions\/42557"}],"wp:featuredmedia":[{"embeddable":true,"href":"https:\/\/nvnoticias.mx\/index.php\/wp-json\/wp\/v2\/media\/41557"}],"wp:attachment":[{"href":"https:\/\/nvnoticias.mx\/index.php\/wp-json\/wp\/v2\/media?parent=42556"}],"wp:term":[{"taxonomy":"category","embeddable":true,"href":"https:\/\/nvnoticias.mx\/index.php\/wp-json\/wp\/v2\/categories?post=42556"},{"taxonomy":"post_tag","embeddable":true,"href":"https:\/\/nvnoticias.mx\/index.php\/wp-json\/wp\/v2\/tags?post=42556"}],"curies":[{"name":"wp","href":"https:\/\/api.w.org\/{rel}","templated":true}]}}