{"id":42511,"date":"2022-02-25T12:49:56","date_gmt":"2022-02-25T18:49:56","guid":{"rendered":"https:\/\/nvnoticias.mx\/?p=42511"},"modified":"2022-02-25T12:49:57","modified_gmt":"2022-02-25T18:49:57","slug":"necesario-visibilizar-sobre-enfermedades-raras-y-tratarlas-a-tiempo","status":"publish","type":"post","link":"https:\/\/nvnoticias.mx\/index.php\/2022\/02\/25\/necesario-visibilizar-sobre-enfermedades-raras-y-tratarlas-a-tiempo\/","title":{"rendered":"Necesario visibilizar sobre enfermedades raras y tratarlas a tiempo"},"content":{"rendered":"\n<p><strong>Jes\u00fas Utrilla \/ NV Noticias<\/strong><\/p>\n\n\n\n<p>En el mundo hay al menos 8 mil enfermedades raras y en Veracruz cerca de 400 mil personas padecen alguna de ellas.<\/p>\n\n\n\n<p>Samantha Aguirre V\u00e1zquez, Fundadora y Presidenta de la Asociaci\u00f3n Civil Vogt Koyanagui Harada y Uve\u00edtis en Veracruz, estim\u00f3 que en M\u00e9xico hay 8 millones de personas con padecimientos de este tipo y 70 u 80 por ciento no ha sido identificada.<\/p>\n\n\n\n<p>La falta de conocimiento sobre las enfermedades raras y su tratamiento puede representar a los pacientes un alto costo en cuidados y dinero, as\u00ed como ansiedad y frustraci\u00f3n.<\/p>\n\n\n\n<blockquote class=\"wp-block-quote is-layout-flow wp-block-quote-is-layout-flow\"><p>\u201c<em>La incidencia es desde nivel pedi\u00e1trico porque los ni\u00f1os pueden nacer con las enfermedades raras. Desgraciadamente la tard\u00eda hacen que pasen hasta 10 a\u00f1os para saber de las enfermedades, es por eso que se busca difundir que la detecci\u00f3n sea temprana y evitar problemas a futuro<\/em>\u201d.\u00a0<\/p><\/blockquote>\n\n\n\n<p>En el marco de la conmemoraci\u00f3n del D\u00eda Internacional de Enfermedades Raras, Poco Frecuentes o Hu\u00e9rfanas, organismos como este buscan visibilizar sobre los padecimientos para detectarlos a tiempo y saberlos tratar.<\/p>\n\n\n\n<p>M\u00e9xico s\u00f3lo reconoce 20 padecimientos de este tipo por lo que consider\u00f3 falta ampliar sobre el temas.<\/p>\n\n\n\n<p>La Ley General de Salud en M\u00e9xico define las enfermedades raras o poco frecuentes a aquellas que tienen una prevalencia de no m\u00e1s de cinco personas por cada 10 mil habitantes.&nbsp;<\/p>\n\n\n\n<blockquote class=\"wp-block-quote is-layout-flow wp-block-quote-is-layout-flow\"><p><em>\u201cQue se acerquen a la asociaci\u00f3n si llevan mucho tiempo sin que les detecten el padecimiento. Es gratuito, nosotros apoyamos con m\u00e9dicos. Nuestra red social es donde pueden localizarnos<\/em>\u201d.\u00a0<\/p><\/blockquote>\n\n\n\n<p>El 95 por ciento de las enfermedades raras no tienen una opci\u00f3n de tratamiento y el 80% tiene origen gen\u00e9tico y en menor porcentaje inmunol\u00f3gico, neopl\u00e1sico (crecimiento celular anormal) o infeccioso.<\/p>\n","protected":false},"excerpt":{"rendered":"<p>Jes\u00fas Utrilla \/ NV Noticias En el mundo hay al menos 8 mil enfermedades raras y en Veracruz cerca de 400 mil personas padecen alguna de ellas. Samantha Aguirre V\u00e1zquez, Fundadora y Presidenta de la Asociaci\u00f3n Civil Vogt Koyanagui Harada y Uve\u00edtis en Veracruz, estim\u00f3 que en M\u00e9xico hay 8 millones de personas con padecimientos [&hellip;]<\/p>\n","protected":false},"author":8,"featured_media":42514,"comment_status":"open","ping_status":"open","sticky":false,"template":"","format":"standard","meta":{"_monsterinsights_skip_tracking":false,"_monsterinsights_sitenote_active":false,"_monsterinsights_sitenote_note":"","_monsterinsights_sitenote_category":0,"footnotes":""},"categories":[154],"tags":[10879,180,10880],"class_list":["post-42511","post","type-post","status-publish","format-standard","has-post-thumbnail","hentry","category-veracruz","tag-enfermedades-raras","tag-veracruz","tag-visibilizar","wp-image-borders"],"amp_enabled":true,"_links":{"self":[{"href":"https:\/\/nvnoticias.mx\/index.php\/wp-json\/wp\/v2\/posts\/42511","targetHints":{"allow":["GET"]}}],"collection":[{"href":"https:\/\/nvnoticias.mx\/index.php\/wp-json\/wp\/v2\/posts"}],"about":[{"href":"https:\/\/nvnoticias.mx\/index.php\/wp-json\/wp\/v2\/types\/post"}],"author":[{"embeddable":true,"href":"https:\/\/nvnoticias.mx\/index.php\/wp-json\/wp\/v2\/users\/8"}],"replies":[{"embeddable":true,"href":"https:\/\/nvnoticias.mx\/index.php\/wp-json\/wp\/v2\/comments?post=42511"}],"version-history":[{"count":1,"href":"https:\/\/nvnoticias.mx\/index.php\/wp-json\/wp\/v2\/posts\/42511\/revisions"}],"predecessor-version":[{"id":42515,"href":"https:\/\/nvnoticias.mx\/index.php\/wp-json\/wp\/v2\/posts\/42511\/revisions\/42515"}],"wp:featuredmedia":[{"embeddable":true,"href":"https:\/\/nvnoticias.mx\/index.php\/wp-json\/wp\/v2\/media\/42514"}],"wp:attachment":[{"href":"https:\/\/nvnoticias.mx\/index.php\/wp-json\/wp\/v2\/media?parent=42511"}],"wp:term":[{"taxonomy":"category","embeddable":true,"href":"https:\/\/nvnoticias.mx\/index.php\/wp-json\/wp\/v2\/categories?post=42511"},{"taxonomy":"post_tag","embeddable":true,"href":"https:\/\/nvnoticias.mx\/index.php\/wp-json\/wp\/v2\/tags?post=42511"}],"curies":[{"name":"wp","href":"https:\/\/api.w.org\/{rel}","templated":true}]}}