{"id":42351,"date":"2022-02-24T15:59:17","date_gmt":"2022-02-24T21:59:17","guid":{"rendered":"https:\/\/nvnoticias.mx\/?p=42351"},"modified":"2022-02-24T15:59:19","modified_gmt":"2022-02-24T21:59:19","slug":"imss-reporto-40-contagios-de-covid-antes-del-paciente-cero","status":"publish","type":"post","link":"https:\/\/nvnoticias.mx\/index.php\/2022\/02\/24\/imss-reporto-40-contagios-de-covid-antes-del-paciente-cero\/","title":{"rendered":"IMSS report\u00f3 40 contagios de covid antes del paciente cero"},"content":{"rendered":"\n<p>La alerta se encendi\u00f3 el 27 de febrero de 2020. El virus pand\u00e9mico del SARS-CoV-2 hab\u00eda llegado a M\u00e9xico. \u00c1ngel Octavio, un empresario, en ese entonces de 35 a\u00f1os, residente de la capital del pa\u00eds, acudi\u00f3 al Instituto Nacional de Enfermedades Respiratorias (INER) por presentar fiebre, dolor de cuerpo y de cabeza, s\u00edntomas que se fueron incrementando. \u00c9l ser\u00eda oficialmente el paciente cero. <\/p>\n\n\n\n<p>En la memoria colectiva se encontraban el bombardeo de im\u00e1genes de hombres y mujeres gritando, tirados en la calle, cazados por hombres cubiertos de blanco. <\/p>\n\n\n\n<p>Si bien se llam\u00f3 a la calma durante la conferencia matutina del 28 de febrero, encabezada por el presidente Andr\u00e9s Manuel L\u00f3pez Obrador, en Palacio Nacional, la gente entr\u00f3 en p\u00e1nico por comprar alimentos y, sobre todo, insumos. <\/p>\n\n\n\n<p>\u201cEntonces decirle a la gente serenos, tranquilos; tenemos capacidad para enfrentar esta situaci\u00f3n\u201d, asegur\u00f3 el presidente Andr\u00e9s Manuel L\u00f3pez Obrador el 28 de febrero, cuando se inform\u00f3 oficialmente que el restaurantero que viaj\u00f3 a una cumbre en Lombard\u00eda y B\u00e9rgamo, Italia, del 14 al 22 de febrero, dio positivo a las dos pruebas, la efectuada por el INER y la repetida por el Instituto de Diagn\u00f3stico y Referencia Epidemiol\u00f3gica (InDRE). <\/p>\n\n\n\n<p>Sin embargo, en la revista Microorganisms, investigadores del Instituto Mexicano del Seguro Social (IMSS) reportaron 40 casos positivos a covid-19 antes del 27 de febrero de 2020, es decir, del primer caso oficial en M\u00e9xico. <\/p>\n\n\n\n<p>V\u00edctor Hugo Borja Aburto, entonces titular de la Coordinaci\u00f3n Nacional M\u00e9dica del Instituto de Salud para el Bienestar (Insabi), explic\u00f3 que se efectu\u00f3 un rastreo intencional de 24 mil 273 muestras procesadas de todos los grupos etarios, ubicados en 34 bancos de sangre y 34 laboratorios cl\u00ednicos, durante el periodo del 10 de febrero al 31 de diciembre de 2020. <\/p>\n\n\n\n<p>Se efectu\u00f3 un estudio de an\u00e1lisis molecular entre personas no diagnosticadas con covid-19.<\/p>\n\n\n\n<blockquote class=\"wp-block-quote is-layout-flow wp-block-quote-is-layout-flow\"><p>\u201c<em>Encontramos que en el noroeste el 40.7 por ciento de la poblaci\u00f3n ya ten\u00eda anticuerpos, es decir, ya hab\u00eda estado en contacto con el virus; en el noreste del pa\u00eds el 37 por ciento; en el sureste el 35 por ciento; en el centro el 30 por ciento, y en el occidente encontramos la seroprevalencia m\u00e1s baja del 26.6 por ciento<\/em>\u201d, detall\u00f3.<\/p><\/blockquote>\n\n\n\n<p>Tambi\u00e9n se detectaron 54 casos adicionales de seropositivos, que tuvieron contacto con la infecci\u00f3n, antes de la declaraci\u00f3n de transmisi\u00f3n comunitaria el pasado 24 de marzo de 2020.<\/p>\n\n\n\n<p>Otro aspecto importante de la investigaci\u00f3n es que los portadores del virus, b\u00e1sicamente gente sin s\u00edntomas, ten\u00edan entre 21 a 40 a\u00f1os de edad. Con base a las predicciones del estudio, que abarc\u00f3 el an\u00e1lisis de m\u00e1s de 24 mil muestras, del 10 de febrero al 31 de diciembre de 2020,en M\u00e9xico ya se hab\u00edan contagiado con la cepa original de Wuhan, China, \u201c60 millones de mexicanos\u201d, asegur\u00f3 Borja Aburto. <\/p>\n\n\n\n<p>Sin embargo, el gobierno federal s\u00f3lo reconoci\u00f3 el caso del INER, as\u00ed como a un var\u00f3n de 41 a\u00f1os, residente de Hidalgo, aislado en un hotel en Culiac\u00e1n, Sinaloa y un hombre de 59 a\u00f1os, del Estado de M\u00e9xico, asintom\u00e1tico y aislado en su domicilio. Todos tuvieron contacto con un italiano, residente en Malasia, mientras estaban en la convenci\u00f3n de B\u00e9rgamo, Italia. <\/p>\n\n\n\n<p>Fuente: <a href=\"https:\/\/www.milenio.com\/politica\/previo-caso-cero-covid-imss-reporto-40-contagios-coronavirus\">Milenio <\/a><\/p>\n","protected":false},"excerpt":{"rendered":"<p>La alerta se encendi\u00f3 el 27 de febrero de 2020. El virus pand\u00e9mico del SARS-CoV-2 hab\u00eda llegado a M\u00e9xico. \u00c1ngel Octavio, un empresario, en ese entonces de 35 a\u00f1os, residente de la capital del pa\u00eds, acudi\u00f3 al Instituto Nacional de Enfermedades Respiratorias (INER) por presentar fiebre, dolor de cuerpo y de cabeza, s\u00edntomas que se [&hellip;]<\/p>\n","protected":false},"author":8,"featured_media":24420,"comment_status":"open","ping_status":"open","sticky":false,"template":"","format":"standard","meta":{"_monsterinsights_skip_tracking":false,"_monsterinsights_sitenote_active":false,"_monsterinsights_sitenote_note":"","_monsterinsights_sitenote_category":0,"footnotes":""},"categories":[157],"tags":[4410,365,10849],"class_list":["post-42351","post","type-post","status-publish","format-standard","has-post-thumbnail","hentry","category-nacional","tag-casos-positivos","tag-imss","tag-paciente-cero","wp-image-borders"],"amp_enabled":true,"_links":{"self":[{"href":"https:\/\/nvnoticias.mx\/index.php\/wp-json\/wp\/v2\/posts\/42351","targetHints":{"allow":["GET"]}}],"collection":[{"href":"https:\/\/nvnoticias.mx\/index.php\/wp-json\/wp\/v2\/posts"}],"about":[{"href":"https:\/\/nvnoticias.mx\/index.php\/wp-json\/wp\/v2\/types\/post"}],"author":[{"embeddable":true,"href":"https:\/\/nvnoticias.mx\/index.php\/wp-json\/wp\/v2\/users\/8"}],"replies":[{"embeddable":true,"href":"https:\/\/nvnoticias.mx\/index.php\/wp-json\/wp\/v2\/comments?post=42351"}],"version-history":[{"count":1,"href":"https:\/\/nvnoticias.mx\/index.php\/wp-json\/wp\/v2\/posts\/42351\/revisions"}],"predecessor-version":[{"id":42352,"href":"https:\/\/nvnoticias.mx\/index.php\/wp-json\/wp\/v2\/posts\/42351\/revisions\/42352"}],"wp:featuredmedia":[{"embeddable":true,"href":"https:\/\/nvnoticias.mx\/index.php\/wp-json\/wp\/v2\/media\/24420"}],"wp:attachment":[{"href":"https:\/\/nvnoticias.mx\/index.php\/wp-json\/wp\/v2\/media?parent=42351"}],"wp:term":[{"taxonomy":"category","embeddable":true,"href":"https:\/\/nvnoticias.mx\/index.php\/wp-json\/wp\/v2\/categories?post=42351"},{"taxonomy":"post_tag","embeddable":true,"href":"https:\/\/nvnoticias.mx\/index.php\/wp-json\/wp\/v2\/tags?post=42351"}],"curies":[{"name":"wp","href":"https:\/\/api.w.org\/{rel}","templated":true}]}}