{"id":42314,"date":"2022-02-24T13:47:00","date_gmt":"2022-02-24T19:47:00","guid":{"rendered":"https:\/\/nvnoticias.mx\/?p=42314"},"modified":"2022-02-24T13:47:00","modified_gmt":"2022-02-24T19:47:00","slug":"revela-karol-g-todos-los-detalles-de-su-debut-como-actriz-a-lado-de-sofia-vergara","status":"publish","type":"post","link":"https:\/\/nvnoticias.mx\/index.php\/2022\/02\/24\/revela-karol-g-todos-los-detalles-de-su-debut-como-actriz-a-lado-de-sofia-vergara\/","title":{"rendered":"Revela Karol G todos los detalles de su debut como actriz a lado de Sof\u00eda Vergara"},"content":{"rendered":"\n<p>Karol G\u00a0protagoniz\u00f3 la m\u00e1s nueva portada de la edici\u00f3n de\u00a0<em>Vogue M\u00e9xico<\/em>, su primera para la edici\u00f3n de moda y estilo m\u00e1s ic\u00f3nica del mundo. Para la portada, la cantante\u00a0se mostr\u00f3 con un porte diferente al usual, pero no menos poderoso.<\/p>\n\n\n\n<p>Y es que\u00a0Karol\u00a0apareci\u00f3 completamente al natural, sin una gota de maquillaje, para enviar un mensaje de autoaceptaci\u00f3n y amor propio en contra de todos los est\u00e1ndares que se les exigen seguir a las mujeres. Ahora que ella es un s\u00edmbolo para las nuevas generaciones, aprovech\u00f3 esta oportunidad para enviar estas palabras tan especiales.<\/p>\n\n\n\n<p>Pero ese no ser\u00eda el \u00fanico elemento a destacar. En la entrevista con\u00a0<em>Vogu<\/em>e,\u00a0Karol\u00a0tambi\u00e9n se abri\u00f3 por la nueva faceta de su vida que est\u00e1 dispuesta a comenzar y de la que ya hab\u00eda dado un par de vistazos en el pasado.<\/p>\n\n\n\n<p>\u00a1Karol\u00a0incursionar\u00e1 en la actuaci\u00f3n! Y lo mejor es que se unir\u00e1 a otra grande tit\u00e1n de Colombia en este nuevo proyecto:\u00a0Sof\u00eda Vergara.<\/p>\n\n\n\n<p>Fuente: <a href=\"https:\/\/www.eonline.com\/mx\/news\/1320930\/karol-g-revela-todos-los-detalles-de-su-debut-como-actriz-a-lado-de-sofia-vergara\" data-type=\"URL\" data-id=\"https:\/\/www.eonline.com\/mx\/news\/1320930\/karol-g-revela-todos-los-detalles-de-su-debut-como-actriz-a-lado-de-sofia-vergara\">E!<\/a><\/p>\n","protected":false},"excerpt":{"rendered":"<p>Karol G\u00a0protagoniz\u00f3 la m\u00e1s nueva portada de la edici\u00f3n de\u00a0Vogue M\u00e9xico, su primera para la edici\u00f3n de moda y estilo m\u00e1s ic\u00f3nica del mundo. Para la portada, la cantante\u00a0se mostr\u00f3 con un porte diferente al usual, pero no menos poderoso. Y es que\u00a0Karol\u00a0apareci\u00f3 completamente al natural, sin una gota de maquillaje, para enviar un mensaje [&hellip;]<\/p>\n","protected":false},"author":35,"featured_media":42106,"comment_status":"open","ping_status":"open","sticky":false,"template":"","format":"standard","meta":{"_monsterinsights_skip_tracking":false,"_monsterinsights_sitenote_active":false,"_monsterinsights_sitenote_note":"","_monsterinsights_sitenote_category":0,"footnotes":""},"categories":[576],"tags":[3499,7957,10838,10648,10839],"class_list":["post-42314","post","type-post","status-publish","format-standard","has-post-thumbnail","hentry","category-ocio","tag-actriz","tag-debut","tag-detalles","tag-karol-g","tag-sorfia-vergara","wp-image-borders"],"amp_enabled":true,"_links":{"self":[{"href":"https:\/\/nvnoticias.mx\/index.php\/wp-json\/wp\/v2\/posts\/42314","targetHints":{"allow":["GET"]}}],"collection":[{"href":"https:\/\/nvnoticias.mx\/index.php\/wp-json\/wp\/v2\/posts"}],"about":[{"href":"https:\/\/nvnoticias.mx\/index.php\/wp-json\/wp\/v2\/types\/post"}],"author":[{"embeddable":true,"href":"https:\/\/nvnoticias.mx\/index.php\/wp-json\/wp\/v2\/users\/35"}],"replies":[{"embeddable":true,"href":"https:\/\/nvnoticias.mx\/index.php\/wp-json\/wp\/v2\/comments?post=42314"}],"version-history":[{"count":1,"href":"https:\/\/nvnoticias.mx\/index.php\/wp-json\/wp\/v2\/posts\/42314\/revisions"}],"predecessor-version":[{"id":42318,"href":"https:\/\/nvnoticias.mx\/index.php\/wp-json\/wp\/v2\/posts\/42314\/revisions\/42318"}],"wp:featuredmedia":[{"embeddable":true,"href":"https:\/\/nvnoticias.mx\/index.php\/wp-json\/wp\/v2\/media\/42106"}],"wp:attachment":[{"href":"https:\/\/nvnoticias.mx\/index.php\/wp-json\/wp\/v2\/media?parent=42314"}],"wp:term":[{"taxonomy":"category","embeddable":true,"href":"https:\/\/nvnoticias.mx\/index.php\/wp-json\/wp\/v2\/categories?post=42314"},{"taxonomy":"post_tag","embeddable":true,"href":"https:\/\/nvnoticias.mx\/index.php\/wp-json\/wp\/v2\/tags?post=42314"}],"curies":[{"name":"wp","href":"https:\/\/api.w.org\/{rel}","templated":true}]}}