{"id":42311,"date":"2022-02-24T13:45:22","date_gmt":"2022-02-24T19:45:22","guid":{"rendered":"https:\/\/nvnoticias.mx\/?p=42311"},"modified":"2022-02-24T13:45:24","modified_gmt":"2022-02-24T19:45:24","slug":"reportan-incendio-en-subestacion-electrica-en-minatitlan","status":"publish","type":"post","link":"https:\/\/nvnoticias.mx\/index.php\/2022\/02\/24\/reportan-incendio-en-subestacion-electrica-en-minatitlan\/","title":{"rendered":"Reportan incendio en subestaci\u00f3n el\u00e9ctrica en Minatitl\u00e1n"},"content":{"rendered":"\n<p>Este mi\u00e9rcoles se registr\u00f3 un incendio en una subestaci\u00f3n el\u00e9ctrica de Comisi\u00f3n Federal de Electricidad (CFE) ubicada en la Av. Instituto Tecnol\u00f3gico del municipio de Minatitl\u00e1n. <\/p>\n\n\n\n<p>Hasta el momento no se reportan personas lesionadas o riesgo para la poblaci\u00f3n. <\/p>\n\n\n\n<p>Las fuerzas de tarea reportaron que el incendio se encuentra bajo control. <\/p>\n\n\n\n<p>En el sitio se encuentran elementos de CFE, PC estatal y municipal, SSP y Bomberos.<\/p>\n","protected":false},"excerpt":{"rendered":"<p>Este mi\u00e9rcoles se registr\u00f3 un incendio en una subestaci\u00f3n el\u00e9ctrica de Comisi\u00f3n Federal de Electricidad (CFE) ubicada en la Av. Instituto Tecnol\u00f3gico del municipio de Minatitl\u00e1n. Hasta el momento no se reportan personas lesionadas o riesgo para la poblaci\u00f3n. Las fuerzas de tarea reportaron que el incendio se encuentra bajo control. En el sitio se [&hellip;]<\/p>\n","protected":false},"author":7,"featured_media":42315,"comment_status":"open","ping_status":"open","sticky":false,"template":"","format":"standard","meta":{"_monsterinsights_skip_tracking":false,"_monsterinsights_sitenote_active":false,"_monsterinsights_sitenote_note":"","_monsterinsights_sitenote_category":0,"footnotes":""},"categories":[156],"tags":[310,789,10837],"class_list":["post-42311","post","type-post","status-publish","format-standard","has-post-thumbnail","hentry","category-estado","tag-incendio","tag-minatitlan","tag-subestacion-electrica","wp-image-borders"],"amp_enabled":true,"_links":{"self":[{"href":"https:\/\/nvnoticias.mx\/index.php\/wp-json\/wp\/v2\/posts\/42311","targetHints":{"allow":["GET"]}}],"collection":[{"href":"https:\/\/nvnoticias.mx\/index.php\/wp-json\/wp\/v2\/posts"}],"about":[{"href":"https:\/\/nvnoticias.mx\/index.php\/wp-json\/wp\/v2\/types\/post"}],"author":[{"embeddable":true,"href":"https:\/\/nvnoticias.mx\/index.php\/wp-json\/wp\/v2\/users\/7"}],"replies":[{"embeddable":true,"href":"https:\/\/nvnoticias.mx\/index.php\/wp-json\/wp\/v2\/comments?post=42311"}],"version-history":[{"count":1,"href":"https:\/\/nvnoticias.mx\/index.php\/wp-json\/wp\/v2\/posts\/42311\/revisions"}],"predecessor-version":[{"id":42316,"href":"https:\/\/nvnoticias.mx\/index.php\/wp-json\/wp\/v2\/posts\/42311\/revisions\/42316"}],"wp:featuredmedia":[{"embeddable":true,"href":"https:\/\/nvnoticias.mx\/index.php\/wp-json\/wp\/v2\/media\/42315"}],"wp:attachment":[{"href":"https:\/\/nvnoticias.mx\/index.php\/wp-json\/wp\/v2\/media?parent=42311"}],"wp:term":[{"taxonomy":"category","embeddable":true,"href":"https:\/\/nvnoticias.mx\/index.php\/wp-json\/wp\/v2\/categories?post=42311"},{"taxonomy":"post_tag","embeddable":true,"href":"https:\/\/nvnoticias.mx\/index.php\/wp-json\/wp\/v2\/tags?post=42311"}],"curies":[{"name":"wp","href":"https:\/\/api.w.org\/{rel}","templated":true}]}}