{"id":42283,"date":"2022-02-24T12:28:24","date_gmt":"2022-02-24T18:28:24","guid":{"rendered":"https:\/\/nvnoticias.mx\/?p=42283"},"modified":"2022-02-24T12:28:25","modified_gmt":"2022-02-24T18:28:25","slug":"sev-quiere-aplausos-y-no-criticas-ante-irregularidades-detectadas-ante-la-asf","status":"publish","type":"post","link":"https:\/\/nvnoticias.mx\/index.php\/2022\/02\/24\/sev-quiere-aplausos-y-no-criticas-ante-irregularidades-detectadas-ante-la-asf\/","title":{"rendered":"SEV quiere aplausos y no cr\u00edticas ante irregularidades detectadas ante la ASF"},"content":{"rendered":"\n<p><strong>Sam Ojeda\u00a0\/ NV Noticias<\/strong><\/p>\n\n\n\n<p>Xalapa.- La Secretar\u00eda de Educaci\u00f3n de Veracruz (SEV) debe ser felicitada y no criticada por los medios de comunicaci\u00f3n ante las irregularidades detectadas en la cuenta p\u00fablica de 2020, se\u00f1al\u00f3 la oficial mayor Ariadna Selene Aguilar Amaya.<\/p>\n\n\n\n<p>Esto ya que dijo la Auditor\u00eda Superior de la Federaci\u00f3n (ASF) no hall\u00f3 un presunto da\u00f1o patrimonial, y que es la primera ocasi\u00f3n que ocurre.\u00a0<\/p>\n\n\n\n<blockquote class=\"wp-block-quote is-layout-flow wp-block-quote-is-layout-flow\"><p>\u201c<em>Se est\u00e1 ensuciando esta noticia que deb\u00eda ser de felicitaci\u00f3n para el Secretario. Es la primera vez en toda la historia de la Secretar\u00eda que no se tiene una observaci\u00f3n por da\u00f1o patrimonial y ha sido un trabajo arduo para mejorar todos los procesos<\/em>\u201d.<\/p><\/blockquote>\n\n\n\n<p>Y es que la ASF determin\u00f3 que la dependencia pag\u00f3 a 266 maestros fallecidos, pero funcionaria dijo que se debe a que no se suspenden los pagos hasta que se presenta el acta de defunci\u00f3n.<\/p>\n\n\n\n<blockquote class=\"wp-block-quote is-layout-flow wp-block-quote-is-layout-flow\"><p>\u201c<em>Cuando sucede una desgracia y un compa\u00f1ero fallece no podemos pensar que le familiar va a ir de manera inmediata a devolver un recursos que ellos no saben si se les pag\u00f3 o no se les pag\u00f3, ellos est\u00e1n su dolor y el Secretario nos ha pedido que seamos sensibles y cuando ellos as\u00ed lo depongan, en ese momento se platica con ellos<\/em>\u201d, coment\u00f3.<\/p><\/blockquote>\n\n\n\n<p>La funcionaria insisti\u00f3 en que es la primera vez que la SEV no tiene da\u00f1o patrimonial dado que se han mejorado los procesos administrativos y que el tema del pago a docentes fallecidos se aclarar\u00e1.\u00a0<\/p>\n\n\n\n<blockquote class=\"wp-block-quote is-layout-flow wp-block-quote-is-layout-flow\"><p>\u201c<em>No podemos cortarle el pago a un compa\u00f1ero si no tenemos un documentos oficial como el acta de defunci\u00f3n porque seria violentar derechos<\/em>\u201d, agreg\u00f3.<\/p><\/blockquote>\n\n\n\n<p><\/p>\n","protected":false},"excerpt":{"rendered":"<p>Sam Ojeda\u00a0\/ NV Noticias Xalapa.- La Secretar\u00eda de Educaci\u00f3n de Veracruz (SEV) debe ser felicitada y no criticada por los medios de comunicaci\u00f3n ante las irregularidades detectadas en la cuenta p\u00fablica de 2020, se\u00f1al\u00f3 la oficial mayor Ariadna Selene Aguilar Amaya. Esto ya que dijo la Auditor\u00eda Superior de la Federaci\u00f3n (ASF) no hall\u00f3 un [&hellip;]<\/p>\n","protected":false},"author":8,"featured_media":21438,"comment_status":"open","ping_status":"open","sticky":false,"template":"","format":"standard","meta":{"_monsterinsights_skip_tracking":false,"_monsterinsights_sitenote_active":false,"_monsterinsights_sitenote_note":"","_monsterinsights_sitenote_category":0,"footnotes":""},"categories":[156],"tags":[1653,2666,1001],"class_list":["post-42283","post","type-post","status-publish","format-standard","has-post-thumbnail","hentry","category-estado","tag-asf","tag-irregularidades","tag-sev","wp-image-borders"],"amp_enabled":true,"_links":{"self":[{"href":"https:\/\/nvnoticias.mx\/index.php\/wp-json\/wp\/v2\/posts\/42283","targetHints":{"allow":["GET"]}}],"collection":[{"href":"https:\/\/nvnoticias.mx\/index.php\/wp-json\/wp\/v2\/posts"}],"about":[{"href":"https:\/\/nvnoticias.mx\/index.php\/wp-json\/wp\/v2\/types\/post"}],"author":[{"embeddable":true,"href":"https:\/\/nvnoticias.mx\/index.php\/wp-json\/wp\/v2\/users\/8"}],"replies":[{"embeddable":true,"href":"https:\/\/nvnoticias.mx\/index.php\/wp-json\/wp\/v2\/comments?post=42283"}],"version-history":[{"count":1,"href":"https:\/\/nvnoticias.mx\/index.php\/wp-json\/wp\/v2\/posts\/42283\/revisions"}],"predecessor-version":[{"id":42285,"href":"https:\/\/nvnoticias.mx\/index.php\/wp-json\/wp\/v2\/posts\/42283\/revisions\/42285"}],"wp:featuredmedia":[{"embeddable":true,"href":"https:\/\/nvnoticias.mx\/index.php\/wp-json\/wp\/v2\/media\/21438"}],"wp:attachment":[{"href":"https:\/\/nvnoticias.mx\/index.php\/wp-json\/wp\/v2\/media?parent=42283"}],"wp:term":[{"taxonomy":"category","embeddable":true,"href":"https:\/\/nvnoticias.mx\/index.php\/wp-json\/wp\/v2\/categories?post=42283"},{"taxonomy":"post_tag","embeddable":true,"href":"https:\/\/nvnoticias.mx\/index.php\/wp-json\/wp\/v2\/tags?post=42283"}],"curies":[{"name":"wp","href":"https:\/\/api.w.org\/{rel}","templated":true}]}}