{"id":42270,"date":"2022-02-24T11:53:14","date_gmt":"2022-02-24T17:53:14","guid":{"rendered":"https:\/\/nvnoticias.mx\/?p=42270"},"modified":"2022-02-24T11:53:15","modified_gmt":"2022-02-24T17:53:15","slug":"h-consejo-tecnico-del-imss-recibe-informes-de-representantes-estatales-y-aprueba-donacion-de-predio-en-chiapas","status":"publish","type":"post","link":"https:\/\/nvnoticias.mx\/index.php\/2022\/02\/24\/h-consejo-tecnico-del-imss-recibe-informes-de-representantes-estatales-y-aprueba-donacion-de-predio-en-chiapas\/","title":{"rendered":"H. Consejo T\u00e9cnico del IMSS recibe informes de representantes estatales y aprueba donaci\u00f3n de predio en Chiapas"},"content":{"rendered":"\n<p>En sesi\u00f3n ordinaria el H. Consejo T\u00e9cnico del Instituto Mexicano del Seguro Social (IMSS) aprob\u00f3 la donaci\u00f3n de un predio que hace el gobierno de Chiapas al Instituto, donde se construir\u00e1 un Hospital de Segundo Nivel, tambi\u00e9n autoriz\u00f3 el uso temporal de un espacio en el edificio central que ser\u00e1 destinado para la ventanilla de atenci\u00f3n de la Comisi\u00f3n Federal para la Protecci\u00f3n contra Riesgos Sanitarios (Cofepris).<\/p>\n\n\n\n<p>Durante esta reuni\u00f3n, que estuvo encabezada por el director general del Instituto, Maestro Zo\u00e9 Robledo, el director de Administraci\u00f3n del IMSS, Borsalino Gonz\u00e1lez Andrade, explic\u00f3 que la donaci\u00f3n del gobierno de Chiapas es un inmueble de 95 mil 552.909 metros cuadrados en Tuxtla Guti\u00e9rrez, donde se prev\u00e9 la construcci\u00f3n de un Hospital General de 260 camas que dar\u00e1 servicio a la poblaci\u00f3n derechohabiente de los estados de Chiapas, Veracruz, Oaxaca y Tabasco.<\/p>\n\n\n\n<p>En otro tema, se\u00f1al\u00f3 que con la aprobaci\u00f3n del uso temporal de un espacio para la instalaci\u00f3n y operaci\u00f3n de una ventanilla de atenci\u00f3n de la Cofepris, se gestionar\u00e1n solicitudes o informaci\u00f3n correspondiente a licencias, permisos, avisos y\/o responsabilidades sanitarias, registros y modificaciones de comit\u00e9, tr\u00e1mites y autorizaciones, de protocolos de investigaci\u00f3n que presenten usuarios del Instituto de las unidades m\u00e9dicas y administrativas.<\/p>\n\n\n\n<p>Por otra parte, Javier Guerrero Garc\u00eda, director de Operaci\u00f3n y Evaluaci\u00f3n, entreg\u00f3 al H. Consejo T\u00e9cnico el informe de actividades de las y los 35 Titulares de los \u00d3rganos de Operaci\u00f3n Administrativa Desconcentrada (TOOAD) en los estados, como un acto de rendici\u00f3n de cuentas a fin de presentar el trabajo realizado de forma integral frente a la pandemia por COVID-19, as\u00ed como en los diferentes procesos de recuperaci\u00f3n de servicios.<\/p>\n\n\n\n<p>Destac\u00f3 que los representantes se convirtieron en actores estrat\u00e9gicos que han permitido al Instituto enfrentar la pandemia m\u00e1s grave que ha vivido el pa\u00eds en el \u00faltimo siglo.<\/p>\n\n\n\n<p>El Instituto se encuentra en una etapa de retos, uno de ellos, la calidad de la atenci\u00f3n m\u00e9dica, la cual se atiende y enfrenta con profesionales de la salud que representan un activo en esta instituci\u00f3n, subray\u00f3.<\/p>\n\n\n\n<p>En su oportunidad, Marco Aurelio Ram\u00edrez Corzo, director de Finanzas, puso a consideraci\u00f3n de las y los integrantes del H. Consejo T\u00e9cnico la designaci\u00f3n de vocales propietarios para la Comisi\u00f3n de Riesgos Financieros y Actuariales (CoRFA) y por votaci\u00f3n fueron elegidos los consejeros Jos\u00e9 Luis Carazo Preciado, por el sector obrero, y Manuel Reguera Rodr\u00edguez, del sector patronal.<\/p>\n\n\n\n<p>Explic\u00f3 que esta Comisi\u00f3n tiene como objetivo identificar, medir, monitorear, limitar, controlar y revelar los riesgos a los que se encuentra expuesto el IMSS en el ejercicio de sus funciones, al considerar riesgos financieros, actuariales e institucionales, adem\u00e1s de autorizar metodolog\u00edas relacionadas con el costeo institucional de servicios sustantivos al Instituto y la evaluaci\u00f3n del \u00e1mbito econ\u00f3mico y financiero de insumos para la salud.<\/p>\n\n\n\n<p>Durante la sesi\u00f3n ordinaria del. H. Consejo T\u00e9cnico estuvieron presentes los consejeros del sector obrero: Jos\u00e9 Luis Carazo Preciado, de la Confederaci\u00f3n de Trabajadores de M\u00e9xico (CTM); Rodolfo Gerardo Gonz\u00e1lez Guzm\u00e1n, secretario general de la Confederaci\u00f3n Regional Obrera Mexicana (CROM); Jos\u00e9 No\u00e9 Mario Moreno Carbajal, de la Confederaci\u00f3n Revolucionaria de Obreros y Campesinos (CROC); y Sergio Beltr\u00e1n Reyes, del Sindicato Nacional de Trabajadores Mineros, Metal\u00fargicos, Sider\u00fargicos y Similares de la Rep\u00fablica Mexicana (SNTMMSSRM).<\/p>\n\n\n\n<p>Y en representaci\u00f3n del sector patronal, Erika Lorena Guido Escobedo, consejera suplente de la Confederaci\u00f3n de C\u00e1maras Nacionales de Comercio, Servicios y Turismo (CONCANACO-SERVYTUR); Ricardo David Garc\u00eda Portilla, consejero suplente de las C\u00e1maras industriales de los Estados Unidos Mexicanos (CONCAMIN). Y Marcos Bucio, secretario general del IMSS.<\/p>\n\n\n\n<p>De manera virtual, en representaci\u00f3n del sector patronal, Jos\u00e9 Abugaber Andonie, presidente de la Confederaci\u00f3n de C\u00e1maras Industriales de los Estados Unidos Mexicanos (CONCAMIN); Salom\u00f3n Presburger Slovik y Manuel Reguera Rodr\u00edguez, representantes propietarios por la CONCAMIN; Jos\u00e9 H\u00e9ctor Tejada Shaar, presidente de la Confederaci\u00f3n de C\u00e1maras Nacionales de Comercio, Servicios y Turismo (CONCANACO-SERVYTUR).<\/p>\n\n\n\n<p>Adem\u00e1s, del sector gubernamental, Alejandro Salafranca V\u00e1zquez, titular de la Unidad de Trabajo Digno de la Secretar\u00eda del Trabajo y Previsi\u00f3n Social (STPS); Omar Antonio Nicol\u00e1s Tovar Ornelas, director general de Programaci\u00f3n y Presupuesto \u201cA\u201d de la Subsecretar\u00eda de Egresos de la Secretar\u00eda de Hacienda y Cr\u00e9dito P\u00fablico (SHCP); y como invitada Paola Patricia Cerda Sauvage, delegada y comisaria p\u00fablica propietaria de la Coordinaci\u00f3n General de \u00d3rganos de Vigilancia y Control de la Secretar\u00eda de la Funci\u00f3n P\u00fablica (SFP).<\/p>\n","protected":false},"excerpt":{"rendered":"<p>En sesi\u00f3n ordinaria el H. Consejo T\u00e9cnico del Instituto Mexicano del Seguro Social (IMSS) aprob\u00f3 la donaci\u00f3n de un predio que hace el gobierno de Chiapas al Instituto, donde se construir\u00e1 un Hospital de Segundo Nivel, tambi\u00e9n autoriz\u00f3 el uso temporal de un espacio en el edificio central que ser\u00e1 destinado para la ventanilla de [&hellip;]<\/p>\n","protected":false},"author":7,"featured_media":42271,"comment_status":"open","ping_status":"open","sticky":false,"template":"","format":"standard","meta":{"_monsterinsights_skip_tracking":false,"_monsterinsights_sitenote_active":false,"_monsterinsights_sitenote_note":"","_monsterinsights_sitenote_category":0,"footnotes":""},"categories":[157],"tags":[4360,1793,10825,365,1643,10826],"class_list":["post-42270","post","type-post","status-publish","format-standard","has-post-thumbnail","hentry","category-nacional","tag-chiapas","tag-donacion","tag-h-consejo-tecnico-del-imss","tag-imss","tag-instituto-mexicano-del-seguro-social","tag-predio","wp-image-borders"],"amp_enabled":true,"_links":{"self":[{"href":"https:\/\/nvnoticias.mx\/index.php\/wp-json\/wp\/v2\/posts\/42270","targetHints":{"allow":["GET"]}}],"collection":[{"href":"https:\/\/nvnoticias.mx\/index.php\/wp-json\/wp\/v2\/posts"}],"about":[{"href":"https:\/\/nvnoticias.mx\/index.php\/wp-json\/wp\/v2\/types\/post"}],"author":[{"embeddable":true,"href":"https:\/\/nvnoticias.mx\/index.php\/wp-json\/wp\/v2\/users\/7"}],"replies":[{"embeddable":true,"href":"https:\/\/nvnoticias.mx\/index.php\/wp-json\/wp\/v2\/comments?post=42270"}],"version-history":[{"count":1,"href":"https:\/\/nvnoticias.mx\/index.php\/wp-json\/wp\/v2\/posts\/42270\/revisions"}],"predecessor-version":[{"id":42273,"href":"https:\/\/nvnoticias.mx\/index.php\/wp-json\/wp\/v2\/posts\/42270\/revisions\/42273"}],"wp:featuredmedia":[{"embeddable":true,"href":"https:\/\/nvnoticias.mx\/index.php\/wp-json\/wp\/v2\/media\/42271"}],"wp:attachment":[{"href":"https:\/\/nvnoticias.mx\/index.php\/wp-json\/wp\/v2\/media?parent=42270"}],"wp:term":[{"taxonomy":"category","embeddable":true,"href":"https:\/\/nvnoticias.mx\/index.php\/wp-json\/wp\/v2\/categories?post=42270"},{"taxonomy":"post_tag","embeddable":true,"href":"https:\/\/nvnoticias.mx\/index.php\/wp-json\/wp\/v2\/tags?post=42270"}],"curies":[{"name":"wp","href":"https:\/\/api.w.org\/{rel}","templated":true}]}}