{"id":42163,"date":"2022-02-23T20:10:09","date_gmt":"2022-02-24T02:10:09","guid":{"rendered":"https:\/\/nvnoticias.mx\/?p=42163"},"modified":"2022-02-23T21:40:41","modified_gmt":"2022-02-24T03:40:41","slug":"anuncia-amlo-que-no-optara-por-cancelar-concesion-al-puerto-de-veracruz","status":"publish","type":"post","link":"https:\/\/nvnoticias.mx\/index.php\/2022\/02\/23\/anuncia-amlo-que-no-optara-por-cancelar-concesion-al-puerto-de-veracruz\/","title":{"rendered":"Anuncia AMLO que no optar\u00e1 por cancelar concesi\u00f3n al Puerto de Veracruz"},"content":{"rendered":"\n<p>Este mi\u00e9rcoles, el presidente Andr\u00e9s Manuel L\u00f3pez Obrador confirm\u00f3 que ya no solicitar\u00e1 que se cancele la concesi\u00f3n al Puerto de Veracruz. <\/p>\n\n\n\n<p>El mandatario sostuvo que aunque la concesi\u00f3n del Puerto ya no ser\u00e1 cancelada, ya no se otorgar\u00e1n nuevas concesiones.<\/p>\n\n\n\n<blockquote class=\"wp-block-quote is-layout-flow wp-block-quote-is-layout-flow\"><p><em>&#8220;La cancelaci\u00f3n de estas concesiones nos iba a significar m\u00e1s problemas y denuncias internacionales&#8221;, justific\u00f3.<\/em><\/p><\/blockquote>\n\n\n\n<p>En 2020, el Presidente mencion\u00f3 que buscar\u00eda revocar la concesi\u00f3n por 100 a\u00f1os a la empresa encargada del manejo del Puerto de Veracruz. <\/p>\n\n\n\n<p>Actualmente, la operaci\u00f3n del Puerto est\u00e1 a cargo de la Administraci\u00f3n del Sistema Portuario Nacional Veracruz (ASIPONA) conocida anteriormente como la Administraci\u00f3n Portuaria Integral de Veracruz (APIVER).<\/p>\n","protected":false},"excerpt":{"rendered":"<p>Este mi\u00e9rcoles, el presidente Andr\u00e9s Manuel L\u00f3pez Obrador confirm\u00f3 que ya no solicitar\u00e1 que se cancele la concesi\u00f3n al Puerto de Veracruz. El mandatario sostuvo que aunque la concesi\u00f3n del Puerto ya no ser\u00e1 cancelada, ya no se otorgar\u00e1n nuevas concesiones. &#8220;La cancelaci\u00f3n de estas concesiones nos iba a significar m\u00e1s problemas y denuncias internacionales&#8221;, [&hellip;]<\/p>\n","protected":false},"author":8,"featured_media":25629,"comment_status":"open","ping_status":"open","sticky":false,"template":"","format":"standard","meta":{"_monsterinsights_skip_tracking":false,"_monsterinsights_sitenote_active":false,"_monsterinsights_sitenote_note":"","_monsterinsights_sitenote_category":0,"footnotes":""},"categories":[154],"tags":[188,4100,6352,162,749],"class_list":["post-42163","post","type-post","status-publish","format-standard","has-post-thumbnail","hentry","category-veracruz","tag-amlo","tag-apiver","tag-concesion","tag-portada","tag-puerto-de-veracruz","wp-image-borders"],"amp_enabled":true,"_links":{"self":[{"href":"https:\/\/nvnoticias.mx\/index.php\/wp-json\/wp\/v2\/posts\/42163","targetHints":{"allow":["GET"]}}],"collection":[{"href":"https:\/\/nvnoticias.mx\/index.php\/wp-json\/wp\/v2\/posts"}],"about":[{"href":"https:\/\/nvnoticias.mx\/index.php\/wp-json\/wp\/v2\/types\/post"}],"author":[{"embeddable":true,"href":"https:\/\/nvnoticias.mx\/index.php\/wp-json\/wp\/v2\/users\/8"}],"replies":[{"embeddable":true,"href":"https:\/\/nvnoticias.mx\/index.php\/wp-json\/wp\/v2\/comments?post=42163"}],"version-history":[{"count":3,"href":"https:\/\/nvnoticias.mx\/index.php\/wp-json\/wp\/v2\/posts\/42163\/revisions"}],"predecessor-version":[{"id":42168,"href":"https:\/\/nvnoticias.mx\/index.php\/wp-json\/wp\/v2\/posts\/42163\/revisions\/42168"}],"wp:featuredmedia":[{"embeddable":true,"href":"https:\/\/nvnoticias.mx\/index.php\/wp-json\/wp\/v2\/media\/25629"}],"wp:attachment":[{"href":"https:\/\/nvnoticias.mx\/index.php\/wp-json\/wp\/v2\/media?parent=42163"}],"wp:term":[{"taxonomy":"category","embeddable":true,"href":"https:\/\/nvnoticias.mx\/index.php\/wp-json\/wp\/v2\/categories?post=42163"},{"taxonomy":"post_tag","embeddable":true,"href":"https:\/\/nvnoticias.mx\/index.php\/wp-json\/wp\/v2\/tags?post=42163"}],"curies":[{"name":"wp","href":"https:\/\/api.w.org\/{rel}","templated":true}]}}