{"id":42159,"date":"2022-02-23T19:03:30","date_gmt":"2022-02-24T01:03:30","guid":{"rendered":"https:\/\/nvnoticias.mx\/?p=42159"},"modified":"2022-02-23T19:03:32","modified_gmt":"2022-02-24T01:03:32","slug":"miguel-de-santa-maria-un-nuevo-descubrimiento-sobre-el-diplomatico-veracruzano","status":"publish","type":"post","link":"https:\/\/nvnoticias.mx\/index.php\/2022\/02\/23\/miguel-de-santa-maria-un-nuevo-descubrimiento-sobre-el-diplomatico-veracruzano\/","title":{"rendered":"Miguel de Santa Mar\u00eda, un nuevo descubrimiento sobre el diplom\u00e1tico veracruzano"},"content":{"rendered":"\n<p class=\"has-text-align-right\"><strong>Por: Miguel Salvador Rodr\u00edguez Azueta<\/strong><\/p>\n\n\n\n<p>En estas fechas que pareciera que la carrera diplom\u00e1tica pasa por momentos aciagos, quisiera hacer menci\u00f3n que estamos a unos meses de conmemorar 200 a\u00f1os del inicio de las relaciones diplom\u00e1ticas como pa\u00eds soberano con la Gran Colombia y por lo tanto; ser\u00eda primordial dar el lugar que se merece a los primeros diplom\u00e1ticos que tuvo esta naci\u00f3n y de quienes debemos estar orgullosos, me refiero a don Miguel Santa Mar\u00eda, quien naci\u00f3 en la nueva Veracruz, provincia de la nueva Espa\u00f1a el 08 de Enero de 1786 .<\/p>\n\n\n\n<p><strong>Breve s\u00edntesis de su vida y obra:<\/strong><strong><\/strong><\/p>\n\n\n\n<p>Despu\u00e9s de a\u00f1os de buscar su fe de bautizo sin \u00e9xito, el pasado 21 de febrero del presente a\u00f1o, me dispuse a analizar parte de los expedientes&nbsp; recopilados por Juan Ortiz Escamilla, Veracruz en Armas 1810-1820.<\/p>\n\n\n\n<p>As\u00ed en el a\u00f1o relativo a 1817 encontr\u00e9 correspondencia entre las autoridades virreinales respecto a la llegada de Miguel de Santa Mar\u00eda a Veracruz. (pag. 309)<\/p>\n\n\n\n<p>En dicho expediente encontr\u00e9 que Miguel de Santa mar\u00eda ten\u00eda un cu\u00f1ado llamado Manuel Cires y que efectivamente su hermano Jos\u00e9 hab\u00eda sido fusilado en 1812 en Orizaba.<\/p>\n\n\n\n<p>Volv\u00ed a los archivos de iglesia parroquial de Veracruz mediante la p\u00e1gina de Family Search e intente probar buscando a Manuel Cires, lo que me arrojo un registro matrimonial con Ramona P\u00e9rez de Santa Mar\u00eda el 31 de&nbsp; enero de 1804.<\/p>\n\n\n\n<p>Este dato me condujo a los padres de Ramona, don Ram\u00f3n P\u00e9rez de Santa Mar\u00eda y do\u00f1a Antonia de Lara y al registro de tres hijos m\u00e1s:&nbsp; Juan Jos\u00e9 Ram\u00f3n Mart\u00edn (1791), Mar\u00eda del Carmen (1788)&nbsp;&nbsp; y Miguel Antonio Te\u00f3filo P\u00e9rez de Lara (1786)<\/p>\n\n\n\n<p>Lleno de emoci\u00f3n pude constatar que todo coincid\u00eda con los diversos datos hist\u00f3ricos recabados por Ornan Roldan Oquendo as\u00ed como por los propios datos proporcionados por Miguel de Santa Mar\u00eda.<\/p>\n\n\n\n<figure class=\"wp-block-image size-large\"><img loading=\"lazy\" decoding=\"async\" width=\"1024\" height=\"586\" src=\"https:\/\/nvnoticias.mx\/wp-content\/uploads\/2022\/02\/WhatsApp-Image-2022-02-23-at-4.31.36-PM-1-1024x586.jpeg\" alt=\"\" class=\"wp-image-42161\" srcset=\"https:\/\/nvnoticias.mx\/wp-content\/uploads\/2022\/02\/WhatsApp-Image-2022-02-23-at-4.31.36-PM-1-1024x586.jpeg 1024w, https:\/\/nvnoticias.mx\/wp-content\/uploads\/2022\/02\/WhatsApp-Image-2022-02-23-at-4.31.36-PM-1-300x172.jpeg 300w, https:\/\/nvnoticias.mx\/wp-content\/uploads\/2022\/02\/WhatsApp-Image-2022-02-23-at-4.31.36-PM-1-768x440.jpeg 768w, https:\/\/nvnoticias.mx\/wp-content\/uploads\/2022\/02\/WhatsApp-Image-2022-02-23-at-4.31.36-PM-1-1536x879.jpeg 1536w, https:\/\/nvnoticias.mx\/wp-content\/uploads\/2022\/02\/WhatsApp-Image-2022-02-23-at-4.31.36-PM-1.jpeg 1600w\" sizes=\"auto, (max-width: 1024px) 100vw, 1024px\" \/><\/figure>\n\n\n\n<p>Como dato importante de destacar en la fe de bautizo, su padrino fue ni m\u00e1s ni menos que Miguel del Corral y Horobio, gobernador en ese momento de Veracruz, por lo que efectivamente su familia debi\u00f3 ser acomodada y respetada en la Nueva Veracruz.<\/p>\n\n\n\n<p>De acuerdo al documento (5) reservado dirigido al gobernador Jos\u00e9 D\u00e1vila el 20 de abril de 1817 por&nbsp; Jos\u00e9 Mariano de Almanza, Miguel de Santa Mar\u00eda viajo a Espa\u00f1a para unirse al diputado a cortes Joaqu\u00edn de Maniau, saliendo hacia la pen\u00ednsula en 1811.<\/p>\n\n\n\n<p>De acuerdo a Ornan Oquendo el viaje a la pen\u00ednsula fue para estudiar Leyes, sin embargo, sus ideas liberales le ocasionaron serios problemas con la restauraci\u00f3n absolutista del rey Fernando VII.<\/p>\n\n\n\n<p>Obligado al exilio del dominio absolutista en Baltimore, conoci\u00f3 y apoy\u00f3 la causa libertaria de Javier Mina, posteriormente conoci\u00f3 en y trab\u00f3 amistad en Jamaica con el &nbsp;libertador Sim\u00f3n Bol\u00edvar.<\/p>\n\n\n\n<p>Reconocida sus destacadas luces como intelectual liberal fue invitado a participar&nbsp; como diputado constituyente del Congreso de C\u00facuta y posteriormente fue nombrado por el Libertador ministro plenipotenciario de la Gran Colombia &nbsp;el Imperio Mexicano, culminando con el Tratado de paz y amistad perpetua entre M\u00e9xico y &nbsp;la Gran Colombia (1823).<\/p>\n\n\n\n<p>Sin embargo, el proyecto imperial mexicano no coincidi\u00f3 con los ideales liberales de Santa Mar\u00eda por lo que el imperio orden\u00f3 su expulsi\u00f3n; misma que no lleg\u00f3 a concretarse en beneficio de la naciente rep\u00fablica.<\/p>\n\n\n\n<p>Santa Mar\u00eda fue un destacado periodista de su \u00e9poca, perseguido por sus ideas libertarias hasta que reconocido por sus luces y dotes diplom\u00e1ticas fue nombrado Ministro Plenipotenciario ante su Majestad Brit\u00e1nica en 1835 y Ministro Plenipotenciario ante su Majestad cat\u00f3lica en Espa\u00f1a en 1836, encargado de las negociaciones para firmar con Espa\u00f1a los Tratados de Paz y reconocimiento &nbsp;de ese a\u00f1o, conocidos como Tratados Calatrava-Santa Mar\u00eda.<\/p>\n\n\n\n<p>Miguel de Santa Mar\u00eda muri\u00f3 en 1837 en Madrid, donde fue sepultado y no fue hasta 1851 que el cabildo de la ciudad de Veracruz realiz\u00f3 los tr\u00e1mites para exhumar sus restos y darles sepultura en su natal ciudad.<\/p>\n\n\n\n<p>El Sesi\u00f3n de 3 de enero de 1852 el cabildo porte\u00f1o acord\u00f3 hacer una solemne ceremonia para que sepultar los restos de Don Miguel Santa Mar\u00eda el 9 de enero del mismo a\u00f1o.<\/p>\n\n\n\n<p>Gracias al Colombiano Ornan Rold\u00e1n Oquendo (Se desconoce su estatus actual del autor) pudimos encontrar una recopilaci\u00f3n de documentos que servir\u00e1n para un futuro reconocimiento. .<\/p>\n\n\n\n<p>Don Miguel Santa Mar\u00eda, Liberal veracruzano, pol\u00edtico americanista y notable diplom\u00e1tico, fue una obra publicada por ediciones Eguiara y Egurin en el a\u00f1o 1981, la obra consta de 341 p\u00e1ginas con 11 cap\u00edtulos, de los cuales 69 paginas est\u00e1n dedicadas a la descripci\u00f3n de la vida y obra de Santa Mar\u00eda y las dem\u00e1s son transcripciones de documentos sobre el personaje en estudio, entre los que destacan el tratado de reconocimiento con Colombia el 29 de abril de 1822.<\/p>\n\n\n\n<p>Desafortunadamente al d\u00eda de hoy carecemos de mayores datos sobre su lugar final de reposo e incluso en el Archivo y Biblioteca Hist\u00f3rico de la ciudad de Veracruz se encuentra dispersa la informaci\u00f3n que es su momento lleg\u00f3 a recopilar Roldan Oquendo.<\/p>\n\n\n\n<p>Una vez aclarado el lugar y fecha de nacimiento del honorable diplom\u00e1tico, ahora toca escudri\u00f1ar con los archivos de Espa\u00f1a, Colombia y Venezuela para encontrar alg\u00fan retrato &nbsp;que nos ayude a continuar con el rescate la memoria y obra de Don Miguel de Santa Mar\u00eda en este periodo de 14 a\u00f1os a partir de iniciada las actividades Diplom\u00e1ticas de nuestra naci\u00f3n como pa\u00eds independiente.<\/p>\n\n\n\n<p class=\"has-text-align-right\"><strong>Twitter: @miguel_salvador<\/strong><\/p>\n","protected":false},"excerpt":{"rendered":"<p>Por: Miguel Salvador Rodr\u00edguez Azueta En estas fechas que pareciera que la carrera diplom\u00e1tica pasa por momentos aciagos, quisiera hacer menci\u00f3n que estamos a unos meses de conmemorar 200 a\u00f1os del inicio de las relaciones diplom\u00e1ticas como pa\u00eds soberano con la Gran Colombia y por lo tanto; ser\u00eda primordial dar el lugar que se merece [&hellip;]<\/p>\n","protected":false},"author":30,"featured_media":42160,"comment_status":"open","ping_status":"open","sticky":false,"template":"","format":"standard","meta":{"_monsterinsights_skip_tracking":false,"_monsterinsights_sitenote_active":false,"_monsterinsights_sitenote_note":"","_monsterinsights_sitenote_category":0,"footnotes":""},"categories":[332],"tags":[525],"class_list":["post-42159","post","type-post","status-publish","format-standard","has-post-thumbnail","hentry","category-veracruz-en-la-cultura","tag-dr-miguel-salvador-rodriguez-azueta","wp-image-borders"],"amp_enabled":true,"_links":{"self":[{"href":"https:\/\/nvnoticias.mx\/index.php\/wp-json\/wp\/v2\/posts\/42159","targetHints":{"allow":["GET"]}}],"collection":[{"href":"https:\/\/nvnoticias.mx\/index.php\/wp-json\/wp\/v2\/posts"}],"about":[{"href":"https:\/\/nvnoticias.mx\/index.php\/wp-json\/wp\/v2\/types\/post"}],"author":[{"embeddable":true,"href":"https:\/\/nvnoticias.mx\/index.php\/wp-json\/wp\/v2\/users\/30"}],"replies":[{"embeddable":true,"href":"https:\/\/nvnoticias.mx\/index.php\/wp-json\/wp\/v2\/comments?post=42159"}],"version-history":[{"count":1,"href":"https:\/\/nvnoticias.mx\/index.php\/wp-json\/wp\/v2\/posts\/42159\/revisions"}],"predecessor-version":[{"id":42162,"href":"https:\/\/nvnoticias.mx\/index.php\/wp-json\/wp\/v2\/posts\/42159\/revisions\/42162"}],"wp:featuredmedia":[{"embeddable":true,"href":"https:\/\/nvnoticias.mx\/index.php\/wp-json\/wp\/v2\/media\/42160"}],"wp:attachment":[{"href":"https:\/\/nvnoticias.mx\/index.php\/wp-json\/wp\/v2\/media?parent=42159"}],"wp:term":[{"taxonomy":"category","embeddable":true,"href":"https:\/\/nvnoticias.mx\/index.php\/wp-json\/wp\/v2\/categories?post=42159"},{"taxonomy":"post_tag","embeddable":true,"href":"https:\/\/nvnoticias.mx\/index.php\/wp-json\/wp\/v2\/tags?post=42159"}],"curies":[{"name":"wp","href":"https:\/\/api.w.org\/{rel}","templated":true}]}}