{"id":42112,"date":"2022-02-23T13:45:44","date_gmt":"2022-02-23T19:45:44","guid":{"rendered":"https:\/\/nvnoticias.mx\/?p=42112"},"modified":"2022-02-23T13:45:46","modified_gmt":"2022-02-23T19:45:46","slug":"rompe-el-silencio-rob-kardashian-despues-de-retirar-su-demanda-contra-blac-chyna","status":"publish","type":"post","link":"https:\/\/nvnoticias.mx\/index.php\/2022\/02\/23\/rompe-el-silencio-rob-kardashian-despues-de-retirar-su-demanda-contra-blac-chyna\/","title":{"rendered":"Rompe el silencio Rob Kardashian despu\u00e9s de retirar su demanda contra Blac Chyna"},"content":{"rendered":"\n<p>Rob Kardashian\u00a0est\u00e1 terminando una batalla legal con su ex\u00a0Blac Chyna.<\/p>\n\n\n\n<p>Seg\u00fan documentos judiciales obtenidos por E! News, la ex estrella de\u00a0<em>Keeping Up With the Kardashians<\/em>\u00a0present\u00f3 una solicitud para desestimar su demanda por agresi\u00f3n contra la madre de\u00a0Dream Kardashian\u00a0sin prejuicios. Un juez de Los \u00c1ngeles finalmente aprob\u00f3 la moci\u00f3n.<\/p>\n\n\n\n<blockquote class=\"wp-block-quote is-layout-flow wp-block-quote-is-layout-flow\"><p>&#8220;Mi amor por Dream supera con creces mi deseo de proceder con mis reclamos contra su madre en un juicio p\u00fablico&#8221;, dijo Kardashian en un comunicado a E! News. &#8220;Ahora que el tribunal dictamin\u00f3 que hay suficiente evidencia para justificar un juicio con jurado sobre mi reclamo por agresi\u00f3n, por el bien de nuestra hija, desestimo la acci\u00f3n y me centro en mi relaci\u00f3n de paternidad compartida con Chyna&#8221;.<\/p><\/blockquote>\n\n\n\n<p>Sin embargo, la abogada de Chyna aleg\u00f3 m\u00e1s tarde que Kardashian ten\u00eda otros motivos para desestimar el caso.<\/p>\n\n\n\n<blockquote class=\"wp-block-quote is-layout-flow wp-block-quote-is-layout-flow\"><p>&#8220;Chyna finalmente estaba a punto de tener su d\u00eda en la corte en un juicio con jurado el 23 de febrero en el Tribunal Superior de Los \u00c1ngeles, donde estaba preparada para probar con evidencia que la afirmaci\u00f3n de Rob de que ella lo atac\u00f3 y agredi\u00f3 f\u00edsicamente era una mentira maliciosa&#8221;, dijo\u00a0<strong>Lynne Ciani<\/strong>\u00a0en un comunicado a E! News. &#8220;En cambio, Rob abandon\u00f3 su caso en la v\u00edspera del juicio, no porque de repente quisiera abandonar el caso &#8216;por el bien de su hija&#8217;, sino porque sab\u00eda que sus acusaciones de asalto y agresi\u00f3n contra Chyna eran falsas&#8221;.<\/p><\/blockquote>\n\n\n\n<blockquote class=\"wp-block-quote is-layout-flow wp-block-quote-is-layout-flow\"><p>&#8220;En otras palabras&#8221;, continu\u00f3 Ciani, &#8220;la evasi\u00f3n de Rob de las graves consecuencias de un veredicto adverso del jurado es la raz\u00f3n por la que abandon\u00f3 su caso, no su supuesta &#8216;preocupaci\u00f3n&#8217; por su hija&#8221;.<\/p><\/blockquote>\n\n\n\n<p>Chyna y Kardashian comenzaron a salir en enero de 2016 antes de darle la bienvenida a su hija Dream en noviembre de ese a\u00f1o. La pareja finalmente se separar\u00eda en el verano de 2017.<\/p>\n\n\n\n<p>En septiembre de 2017, Kardashian demand\u00f3 a Chyna alegando que ella cometi\u00f3 violencia dom\u00e9stica contra \u00e9l en diciembre de 2016 en la casa que alguna vez compartieron.<\/p>\n\n\n\n<p>En documentos judiciales obtenidos por E! News, el novio de\u00a0Kris Jenner,\u00a0Corey Gamble, comparti\u00f3 detalles sobre el supuesto altercado en una declaraci\u00f3n.<\/p>\n\n\n\n<p>&#8220;Trat\u00e9 de separar a Chyna y Rob para poder ayudar a Rob a salir de la casa y alejarme de Chyna&#8221;, escribi\u00f3 Gamble. &#8220;Chyna no dej\u00f3 de atacar a Rob a pesar de que hice todo lo posible por intervenir. Mientras ayudaba a Rob a salir de la casa, Chyna sigui\u00f3 arremetiendo contra \u00e9l y lo golpe\u00f3 varias veces en la cabeza y la cara, as\u00ed como en la espalda. Rob no se defendi\u00f3 y simplemente trat\u00f3 de protegerse del ataque f\u00edsico de Chyna&#8221;.<\/p>\n\n\n\n<p>En ese momento, la abogada de Chyna dijo que &#8220;no hubo ning\u00fan ataque violento&#8221; contra el dise\u00f1ador de calcetines Arthur George.<\/p>\n\n\n\n<p>&#8220;En cambio&#8221;, coment\u00f3 la abogada en parte, &#8220;la evidencia muestra que Rob y Chyna, una pareja muy felizmente comprometida en ese momento, tuvieron un momento estridente y coqueto juntos el 14 de diciembre de 2016 para celebrar&#8221; la segunda temporada de su antiguo reality.<\/p>\n\n\n\n<p><em>Page Six<\/em>\u00a0fue el primer medio en dar la noticia.<\/p>\n\n\n\n<p>Fuente: <a href=\"https:\/\/www.eonline.com\/mx\/news\/1320746\/rob-kardashian-rompe-el-silencio-despues-de-retirar-su-demanda-contra-blac-chyna\" data-type=\"URL\" data-id=\"https:\/\/www.eonline.com\/mx\/news\/1320746\/rob-kardashian-rompe-el-silencio-despues-de-retirar-su-demanda-contra-blac-chyna\">E!<\/a><\/p>\n","protected":false},"excerpt":{"rendered":"<p>Rob Kardashian\u00a0est\u00e1 terminando una batalla legal con su ex\u00a0Blac Chyna. Seg\u00fan documentos judiciales obtenidos por E! News, la ex estrella de\u00a0Keeping Up With the Kardashians\u00a0present\u00f3 una solicitud para desestimar su demanda por agresi\u00f3n contra la madre de\u00a0Dream Kardashian\u00a0sin prejuicios. Un juez de Los \u00c1ngeles finalmente aprob\u00f3 la moci\u00f3n. &#8220;Mi amor por Dream supera con creces [&hellip;]<\/p>\n","protected":false},"author":35,"featured_media":42113,"comment_status":"open","ping_status":"open","sticky":false,"template":"","format":"standard","meta":{"_monsterinsights_skip_tracking":false,"_monsterinsights_sitenote_active":false,"_monsterinsights_sitenote_note":"","_monsterinsights_sitenote_category":0,"footnotes":""},"categories":[576],"tags":[10780,701,9060,10779,8041,8042],"class_list":["post-42112","post","type-post","status-publish","format-standard","has-post-thumbnail","hentry","category-ocio","tag-blac-chyna","tag-demanda","tag-retirar","tag-rob-kardashian","tag-rompe","tag-silencio","wp-image-borders"],"amp_enabled":true,"_links":{"self":[{"href":"https:\/\/nvnoticias.mx\/index.php\/wp-json\/wp\/v2\/posts\/42112","targetHints":{"allow":["GET"]}}],"collection":[{"href":"https:\/\/nvnoticias.mx\/index.php\/wp-json\/wp\/v2\/posts"}],"about":[{"href":"https:\/\/nvnoticias.mx\/index.php\/wp-json\/wp\/v2\/types\/post"}],"author":[{"embeddable":true,"href":"https:\/\/nvnoticias.mx\/index.php\/wp-json\/wp\/v2\/users\/35"}],"replies":[{"embeddable":true,"href":"https:\/\/nvnoticias.mx\/index.php\/wp-json\/wp\/v2\/comments?post=42112"}],"version-history":[{"count":1,"href":"https:\/\/nvnoticias.mx\/index.php\/wp-json\/wp\/v2\/posts\/42112\/revisions"}],"predecessor-version":[{"id":42114,"href":"https:\/\/nvnoticias.mx\/index.php\/wp-json\/wp\/v2\/posts\/42112\/revisions\/42114"}],"wp:featuredmedia":[{"embeddable":true,"href":"https:\/\/nvnoticias.mx\/index.php\/wp-json\/wp\/v2\/media\/42113"}],"wp:attachment":[{"href":"https:\/\/nvnoticias.mx\/index.php\/wp-json\/wp\/v2\/media?parent=42112"}],"wp:term":[{"taxonomy":"category","embeddable":true,"href":"https:\/\/nvnoticias.mx\/index.php\/wp-json\/wp\/v2\/categories?post=42112"},{"taxonomy":"post_tag","embeddable":true,"href":"https:\/\/nvnoticias.mx\/index.php\/wp-json\/wp\/v2\/tags?post=42112"}],"curies":[{"name":"wp","href":"https:\/\/api.w.org\/{rel}","templated":true}]}}