{"id":42108,"date":"2022-02-23T13:39:31","date_gmt":"2022-02-23T19:39:31","guid":{"rendered":"https:\/\/nvnoticias.mx\/?p=42108"},"modified":"2022-02-23T13:39:32","modified_gmt":"2022-02-23T19:39:32","slug":"lanza-belinda-reflexion-que-fans-creen-hace-referencia-a-la-polemica-con-nodal","status":"publish","type":"post","link":"https:\/\/nvnoticias.mx\/index.php\/2022\/02\/23\/lanza-belinda-reflexion-que-fans-creen-hace-referencia-a-la-polemica-con-nodal\/","title":{"rendered":"Lanza Belinda reflexi\u00f3n que fans creen hace referencia a la pol\u00e9mica con Nodal"},"content":{"rendered":"\n<p>Para Beli, el &#8220;220222&#8221; represent\u00f3 la oportunidad para emprender nuevos comienzos y valorarse m\u00e1s.<\/p>\n\n\n\n<p>&#8220;D\u00edas complicados&#8221; ser\u00eda la mejor descripci\u00f3n de lo que\u00a0Belinda\u00a0ha vivido desde que\u00a0Christian Nodal\u00a0confirmara su ruptura. La noticia, como hemos atestiguado, deton\u00f3 una serie de memes, rumores, burlas y comparaciones que ubicaron a la cantante y su estilo de vida como responsables de la separaci\u00f3n.\u00a0<\/p>\n\n\n\n<p>Es v\u00e1lido se\u00f1alar que sobre\u00a0Nodal\u00a0poco se ha dicho. Todo se ha enfocado sobre los tatuajes que deber\u00e1 eliminar o modificar de su cuerpo, y\u00a0cuyo proceso ha comenzado.\u00a0<\/p>\n\n\n\n<p>Por supuesto, a la par de las cr\u00edticas, tambi\u00e9n han llegado las palabras de comunicadores y amigos cercanos a\u00a0<em>Beli<\/em>, quienes afirman que su carrera no le pide nada a la del ganador del Grammy, por lo que est\u00e1n de sobra los se\u00f1alamientos sobre un inter\u00e9s financiero en la relaci\u00f3n.\u00a0<\/p>\n\n\n\n<p>En medio de la a\u00fan fresca pol\u00e9mica,\u00a0Belinda\u00a0regres\u00f3 a redes sociales para compartir una larga reflexi\u00f3n a prop\u00f3sito del pasado martes 22 de febrero de 2022, una fecha que muchos consideraron fue un portal energ\u00e9tico muy importante para manifestar nuestros m\u00e1s profundos y sinceros deseos.\u00a0<\/p>\n\n\n\n<p>Los<em>\u00a0Belifans<\/em>\u00a0creen que este portal se abri\u00f3 en el momento m\u00e1s oportuno para la cantante.<\/p>\n\n\n\n<p>Fuente: <a href=\"https:\/\/www.eonline.com\/mx\/news\/1320764\/belinda-lanza-reflexion-que-fans-creen-hace-referencia-a-la-polemica-con-nodal\" data-type=\"URL\" data-id=\"https:\/\/www.eonline.com\/mx\/news\/1320764\/belinda-lanza-reflexion-que-fans-creen-hace-referencia-a-la-polemica-con-nodal\">E!<\/a><\/p>\n","protected":false},"excerpt":{"rendered":"<p>Para Beli, el &#8220;220222&#8221; represent\u00f3 la oportunidad para emprender nuevos comienzos y valorarse m\u00e1s. &#8220;D\u00edas complicados&#8221; ser\u00eda la mejor descripci\u00f3n de lo que\u00a0Belinda\u00a0ha vivido desde que\u00a0Christian Nodal\u00a0confirmara su ruptura. La noticia, como hemos atestiguado, deton\u00f3 una serie de memes, rumores, burlas y comparaciones que ubicaron a la cantante y su estilo de vida como responsables [&hellip;]<\/p>\n","protected":false},"author":35,"featured_media":22643,"comment_status":"open","ping_status":"open","sticky":false,"template":"","format":"standard","meta":{"_monsterinsights_skip_tracking":false,"_monsterinsights_sitenote_active":false,"_monsterinsights_sitenote_note":"","_monsterinsights_sitenote_category":0,"footnotes":""},"categories":[576],"tags":[1705,3953,7862,3596,10777,10776],"class_list":["post-42108","post","type-post","status-publish","format-standard","has-post-thumbnail","hentry","category-ocio","tag-belinda","tag-christian-nodal","tag-fans","tag-polemica","tag-referencia","tag-reflexion","wp-image-borders"],"amp_enabled":true,"_links":{"self":[{"href":"https:\/\/nvnoticias.mx\/index.php\/wp-json\/wp\/v2\/posts\/42108","targetHints":{"allow":["GET"]}}],"collection":[{"href":"https:\/\/nvnoticias.mx\/index.php\/wp-json\/wp\/v2\/posts"}],"about":[{"href":"https:\/\/nvnoticias.mx\/index.php\/wp-json\/wp\/v2\/types\/post"}],"author":[{"embeddable":true,"href":"https:\/\/nvnoticias.mx\/index.php\/wp-json\/wp\/v2\/users\/35"}],"replies":[{"embeddable":true,"href":"https:\/\/nvnoticias.mx\/index.php\/wp-json\/wp\/v2\/comments?post=42108"}],"version-history":[{"count":1,"href":"https:\/\/nvnoticias.mx\/index.php\/wp-json\/wp\/v2\/posts\/42108\/revisions"}],"predecessor-version":[{"id":42109,"href":"https:\/\/nvnoticias.mx\/index.php\/wp-json\/wp\/v2\/posts\/42108\/revisions\/42109"}],"wp:featuredmedia":[{"embeddable":true,"href":"https:\/\/nvnoticias.mx\/index.php\/wp-json\/wp\/v2\/media\/22643"}],"wp:attachment":[{"href":"https:\/\/nvnoticias.mx\/index.php\/wp-json\/wp\/v2\/media?parent=42108"}],"wp:term":[{"taxonomy":"category","embeddable":true,"href":"https:\/\/nvnoticias.mx\/index.php\/wp-json\/wp\/v2\/categories?post=42108"},{"taxonomy":"post_tag","embeddable":true,"href":"https:\/\/nvnoticias.mx\/index.php\/wp-json\/wp\/v2\/tags?post=42108"}],"curies":[{"name":"wp","href":"https:\/\/api.w.org\/{rel}","templated":true}]}}