{"id":42105,"date":"2022-02-23T13:41:02","date_gmt":"2022-02-23T19:41:02","guid":{"rendered":"https:\/\/nvnoticias.mx\/?p=42105"},"modified":"2022-02-23T13:41:04","modified_gmt":"2022-02-23T19:41:04","slug":"trailer-embiste-a-varios-vehiculos-en-la-mexico-cuernavaca","status":"publish","type":"post","link":"https:\/\/nvnoticias.mx\/index.php\/2022\/02\/23\/trailer-embiste-a-varios-vehiculos-en-la-mexico-cuernavaca\/","title":{"rendered":"Tr\u00e1iler embiste a varios veh\u00edculos en la M\u00e9xico-Cuernavaca"},"content":{"rendered":"\n<p>Debido a una\u00a0&#8220;colisi\u00f3n m\u00faltiple&#8221;, en la\u00a0autopista M\u00e9xico-Cuernavaca, direcci\u00f3n Chilpancingo, se vio afectada la circulaci\u00f3n\u00a0 tras un cierre parcial.<\/p>\n\n\n\n<p>Un tr\u00e1iler embisti\u00f3 a varios veh\u00edculos y se habla de tres lesionados hasta el momento.<\/p>\n\n\n\n<figure class=\"wp-block-embed is-type-rich is-provider-twitter wp-block-embed-twitter\"><div class=\"wp-block-embed__wrapper\">\n<blockquote class=\"twitter-tweet\" data-width=\"550\" data-dnt=\"true\"><p lang=\"es\" dir=\"ltr\"><a href=\"https:\/\/twitter.com\/hashtag\/TomePrecauciones?src=hash&amp;ref_src=twsrc%5Etfw\">#TomePrecauciones<\/a> en <a href=\"https:\/\/twitter.com\/hashtag\/Morelos?src=hash&amp;ref_src=twsrc%5Etfw\">#Morelos<\/a> contin\u00faa dispositivo vial, tras cierre parcial de circulaci\u00f3n por colisi\u00f3n m\u00faltiple, cerca del km 086+500 autopista (1670) M\u00e9xico-Cuernavaca, mismo tramo, direcci\u00f3n Chilpancingo. Personal de servicios de emergencia y <a href=\"https:\/\/twitter.com\/GN_MEXICO_?ref_src=twsrc%5Etfw\">@GN_MEXICO_<\/a>  brindan apoyo. <a href=\"https:\/\/t.co\/fDo3HtXmuf\">pic.twitter.com\/fDo3HtXmuf<\/a><\/p>&mdash; Guardia Nacional Carreteras (@GN_Carreteras) <a href=\"https:\/\/twitter.com\/GN_Carreteras\/status\/1496533315423199232?ref_src=twsrc%5Etfw\">February 23, 2022<\/a><\/blockquote><script async src=\"https:\/\/platform.twitter.com\/widgets.js\" charset=\"utf-8\"><\/script>\n<\/div><\/figure>\n\n\n\n<p>Personal de emergencia y la Guardia Nacional ya se encuentran en el lugar donde brindan apoyo a la ciudadan\u00eda afectada.<\/p>\n\n\n\n<figure class=\"wp-block-image\"><img decoding=\"async\" src=\"https:\/\/tvazteca.brightspotcdn.com\/dims4\/default\/efde0b2\/2147483647\/strip\/true\/crop\/1600x900+0+0\/resize\/968x545!\/format\/jpg\/quality\/80\/?url=https%3A%2F%2Ftvazteca.brightspotcdn.com%2Fbe%2Fc2%2Ffd06801d41e993bdd8b55b296f47%2Fmexico-cuernavaca-carambola-chilpancingo-erv.jpg\" alt=\"Cierran la M\u00e9xico-Cuernavaca rumbo a Chilpancingo por carambola\"\/><\/figure>\n\n\n\n<p>Fuente: El Universal <a href=\"https:\/\/www.eluniversal.com.mx\/estados\/carambola-mexico-cuernavaca-trailer-embiste-varios-vehiculos\">https:\/\/www.eluniversal.com.mx\/estados\/carambola-mexico-cuernavaca-trailer-embiste-varios-vehiculos<\/a><\/p>\n","protected":false},"excerpt":{"rendered":"<p>Debido a una\u00a0&#8220;colisi\u00f3n m\u00faltiple&#8221;, en la\u00a0autopista M\u00e9xico-Cuernavaca, direcci\u00f3n Chilpancingo, se vio afectada la circulaci\u00f3n\u00a0 tras un cierre parcial. Un tr\u00e1iler embisti\u00f3 a varios veh\u00edculos y se habla de tres lesionados hasta el momento. Personal de emergencia y la Guardia Nacional ya se encuentran en el lugar donde brindan apoyo a la ciudadan\u00eda afectada. Fuente: El [&hellip;]<\/p>\n","protected":false},"author":8,"featured_media":42110,"comment_status":"open","ping_status":"open","sticky":false,"template":"","format":"standard","meta":{"_monsterinsights_skip_tracking":false,"_monsterinsights_sitenote_active":false,"_monsterinsights_sitenote_note":"","_monsterinsights_sitenote_category":0,"footnotes":""},"categories":[157],"tags":[1550,10778,6843],"class_list":["post-42105","post","type-post","status-publish","format-standard","has-post-thumbnail","hentry","category-nacional","tag-accidente","tag-mexico-cuernavaca","tag-trailer-2","wp-image-borders"],"amp_enabled":true,"_links":{"self":[{"href":"https:\/\/nvnoticias.mx\/index.php\/wp-json\/wp\/v2\/posts\/42105","targetHints":{"allow":["GET"]}}],"collection":[{"href":"https:\/\/nvnoticias.mx\/index.php\/wp-json\/wp\/v2\/posts"}],"about":[{"href":"https:\/\/nvnoticias.mx\/index.php\/wp-json\/wp\/v2\/types\/post"}],"author":[{"embeddable":true,"href":"https:\/\/nvnoticias.mx\/index.php\/wp-json\/wp\/v2\/users\/8"}],"replies":[{"embeddable":true,"href":"https:\/\/nvnoticias.mx\/index.php\/wp-json\/wp\/v2\/comments?post=42105"}],"version-history":[{"count":1,"href":"https:\/\/nvnoticias.mx\/index.php\/wp-json\/wp\/v2\/posts\/42105\/revisions"}],"predecessor-version":[{"id":42111,"href":"https:\/\/nvnoticias.mx\/index.php\/wp-json\/wp\/v2\/posts\/42105\/revisions\/42111"}],"wp:featuredmedia":[{"embeddable":true,"href":"https:\/\/nvnoticias.mx\/index.php\/wp-json\/wp\/v2\/media\/42110"}],"wp:attachment":[{"href":"https:\/\/nvnoticias.mx\/index.php\/wp-json\/wp\/v2\/media?parent=42105"}],"wp:term":[{"taxonomy":"category","embeddable":true,"href":"https:\/\/nvnoticias.mx\/index.php\/wp-json\/wp\/v2\/categories?post=42105"},{"taxonomy":"post_tag","embeddable":true,"href":"https:\/\/nvnoticias.mx\/index.php\/wp-json\/wp\/v2\/tags?post=42105"}],"curies":[{"name":"wp","href":"https:\/\/api.w.org\/{rel}","templated":true}]}}