{"id":42090,"date":"2022-02-23T12:57:15","date_gmt":"2022-02-23T18:57:15","guid":{"rendered":"https:\/\/nvnoticias.mx\/?p=42090"},"modified":"2022-02-23T12:57:15","modified_gmt":"2022-02-23T18:57:15","slug":"pescadores-buscaran-reunirse-con-asipona-luego-del-accidente-del-viernes","status":"publish","type":"post","link":"https:\/\/nvnoticias.mx\/index.php\/2022\/02\/23\/pescadores-buscaran-reunirse-con-asipona-luego-del-accidente-del-viernes\/","title":{"rendered":"Pescadores buscar\u00e1n reunirse con Asipona luego del accidente del viernes"},"content":{"rendered":"\n<p><strong>Jes\u00fas Utrilla \/ NV Noticias<\/strong><\/p>\n\n\n\n<p>Por fallas en los motores entre dos y cuatro pescadores quedan varados de forma mensual en aguas del Golfo de M\u00e9xico.<\/p>\n\n\n\n<p>Nicol\u00e1s Rivera Dom\u00ednguez, representante de la Coalici\u00f3n de Pescadores y Transportistas de Veracruz, se\u00f1al\u00f3 que por necesidad los hombres del mar ingresan a pescar antes de que lleguen los nortes, sin embargo, \u00c1ngel Ram\u00f3n, quien perdi\u00f3 la vida el viernes, pasado no tuvo la suerte de poder salir antes que se presentara el alto oleaje.<\/p>\n\n\n\n<p>Recrimin\u00f3 que las autoridades no apoyen al sector y solicit\u00f3 a al Sistema Portuario Nacional\u00a0 de Veracruz (Asipona) que no deje a la deriva a los pescadores de Veracruz.<\/p>\n\n\n\n<blockquote class=\"wp-block-quote is-layout-flow wp-block-quote-is-layout-flow\"><p>\u201c<em>Gracias a Dios lo encontramos y vamos a ver todos y cada un\u00ed de los compa\u00f1eros porque no hemos tenido el apoyo de ning\u00fan gobierno, solo se acercaron a preguntar si ya hab\u00eda aparecido pero nunca se acercaron a apoyar a la familia. Con nuestros propios recursos vamos a ver c\u00f3mo apoyar al compa\u00f1ero<\/em>\u201d.<\/p><\/blockquote>\n\n\n\n<p>Puntualiz\u00f3 que sobreviven en precariedad porque s\u00f3lo pueden trabajar la tercera parte del a\u00f1o, incluso hay vedas permanentes de liza, robalo y pulpo.<\/p>\n\n\n\n<p>Agreg\u00f3 que los pescadores son un sector de riesgo no s\u00f3lo por los peligros de la naturaleza, sino por las condiciones adversas del mercado.<\/p>\n\n\n\n<blockquote class=\"wp-block-quote is-layout-flow wp-block-quote-is-layout-flow\"><p>\u201c<em>La carencia en que vivimos nos obliga a buscar esto. Ahora vamos a tener m\u00e1s cuidado pero tenemos equipos en deplorable situaci\u00f3n y necesitamos reactivar al sector pesquero<\/em>\u201d.<\/p><\/blockquote>\n\n\n\n<p>Admiti\u00f3 que reciben un apoyo de 7 mil pesos pero una vez al a\u00f1o.<\/p>\n","protected":false},"excerpt":{"rendered":"<p>Jes\u00fas Utrilla \/ NV Noticias Por fallas en los motores entre dos y cuatro pescadores quedan varados de forma mensual en aguas del Golfo de M\u00e9xico. Nicol\u00e1s Rivera Dom\u00ednguez, representante de la Coalici\u00f3n de Pescadores y Transportistas de Veracruz, se\u00f1al\u00f3 que por necesidad los hombres del mar ingresan a pescar antes de que lleguen los [&hellip;]<\/p>\n","protected":false},"author":8,"featured_media":42091,"comment_status":"open","ping_status":"open","sticky":false,"template":"","format":"standard","meta":{"_monsterinsights_skip_tracking":false,"_monsterinsights_sitenote_active":false,"_monsterinsights_sitenote_note":"","_monsterinsights_sitenote_category":0,"footnotes":""},"categories":[154],"tags":[6943,272],"class_list":["post-42090","post","type-post","status-publish","format-standard","has-post-thumbnail","hentry","category-veracruz","tag-asipona","tag-pescadores","wp-image-borders"],"amp_enabled":true,"_links":{"self":[{"href":"https:\/\/nvnoticias.mx\/index.php\/wp-json\/wp\/v2\/posts\/42090","targetHints":{"allow":["GET"]}}],"collection":[{"href":"https:\/\/nvnoticias.mx\/index.php\/wp-json\/wp\/v2\/posts"}],"about":[{"href":"https:\/\/nvnoticias.mx\/index.php\/wp-json\/wp\/v2\/types\/post"}],"author":[{"embeddable":true,"href":"https:\/\/nvnoticias.mx\/index.php\/wp-json\/wp\/v2\/users\/8"}],"replies":[{"embeddable":true,"href":"https:\/\/nvnoticias.mx\/index.php\/wp-json\/wp\/v2\/comments?post=42090"}],"version-history":[{"count":1,"href":"https:\/\/nvnoticias.mx\/index.php\/wp-json\/wp\/v2\/posts\/42090\/revisions"}],"predecessor-version":[{"id":42092,"href":"https:\/\/nvnoticias.mx\/index.php\/wp-json\/wp\/v2\/posts\/42090\/revisions\/42092"}],"wp:featuredmedia":[{"embeddable":true,"href":"https:\/\/nvnoticias.mx\/index.php\/wp-json\/wp\/v2\/media\/42091"}],"wp:attachment":[{"href":"https:\/\/nvnoticias.mx\/index.php\/wp-json\/wp\/v2\/media?parent=42090"}],"wp:term":[{"taxonomy":"category","embeddable":true,"href":"https:\/\/nvnoticias.mx\/index.php\/wp-json\/wp\/v2\/categories?post=42090"},{"taxonomy":"post_tag","embeddable":true,"href":"https:\/\/nvnoticias.mx\/index.php\/wp-json\/wp\/v2\/tags?post=42090"}],"curies":[{"name":"wp","href":"https:\/\/api.w.org\/{rel}","templated":true}]}}