{"id":42068,"date":"2022-02-23T12:18:37","date_gmt":"2022-02-23T18:18:37","guid":{"rendered":"https:\/\/nvnoticias.mx\/?p=42068"},"modified":"2022-02-23T12:18:37","modified_gmt":"2022-02-23T18:18:37","slug":"piden-participar-en-consulta-para-revocacion-de-mandato","status":"publish","type":"post","link":"https:\/\/nvnoticias.mx\/index.php\/2022\/02\/23\/piden-participar-en-consulta-para-revocacion-de-mandato\/","title":{"rendered":"Piden participar en consulta para revocaci\u00f3n de mandato"},"content":{"rendered":"\n<p><strong>Sam Ojeda\u00a0\/ NV Noticias<\/strong><\/p>\n\n\n\n<p>Xalapa.- Integrantes del Frente Nacional Ciudadano (FRENA) hicieron un llamado a la poblaci\u00f3n para que el pr\u00f3ximo 10 de abril salgan a pronunciarse en la consulta sobre la revocaci\u00f3n de mandato del presidente Andr\u00e9s Manuel L\u00f3pez Obrador.\u00a0<\/p>\n\n\n\n<p>Al respecto, Nilda Ria\u00f1o Rodr\u00edguez se\u00f1al\u00f3 que es urgente votar en contra porque \u201ceste Gobierno est\u00e1 acabando con la democracia del pa\u00eds\u201d. \u00a0<\/p>\n\n\n\n<blockquote class=\"wp-block-quote is-layout-flow wp-block-quote-is-layout-flow\"><p>\u201c<em>Estamos decididos y podemos hacerlo. No nada m\u00e1s es por quitar a un presidente, est\u00e1 en juego nuestra democracia<\/em>\u201d.<\/p><\/blockquote>\n\n\n\n<p>Insisti\u00f3 en que el Presidente sigue la agenda del Foro de S\u00e3o Paulo en donde incluy\u00f3 a M\u00e9xico en la lista de pa\u00edses \u201cpopulistas que quieren un pueblo pobre\u201d.<\/p>\n\n\n\n<p>Se\u00f1al\u00f3 que las autoridades federales tienen la intenci\u00f3n de convertir a M\u00e9xico en un pa\u00eds como Venezuela, Bolivia, Nicaragua y Cuba. \u00a0<\/p>\n\n\n\n<blockquote class=\"wp-block-quote is-layout-flow wp-block-quote-is-layout-flow\"><p>\u201c<em>De nosotros depende que la dictadura se acabe de instaurar o pierda la fuerza<\/em>\u201d, advirti\u00f3.\u00a0<\/p><\/blockquote>\n","protected":false},"excerpt":{"rendered":"<p>Sam Ojeda\u00a0\/ NV Noticias Xalapa.- Integrantes del Frente Nacional Ciudadano (FRENA) hicieron un llamado a la poblaci\u00f3n para que el pr\u00f3ximo 10 de abril salgan a pronunciarse en la consulta sobre la revocaci\u00f3n de mandato del presidente Andr\u00e9s Manuel L\u00f3pez Obrador.\u00a0 Al respecto, Nilda Ria\u00f1o Rodr\u00edguez se\u00f1al\u00f3 que es urgente votar en contra porque \u201ceste [&hellip;]<\/p>\n","protected":false},"author":8,"featured_media":38235,"comment_status":"open","ping_status":"open","sticky":false,"template":"","format":"standard","meta":{"_monsterinsights_skip_tracking":false,"_monsterinsights_sitenote_active":false,"_monsterinsights_sitenote_note":"","_monsterinsights_sitenote_category":0,"footnotes":""},"categories":[156],"tags":[3195,1948,5354],"class_list":["post-42068","post","type-post","status-publish","format-standard","has-post-thumbnail","hentry","category-estado","tag-consulta","tag-frena","tag-revocacion-de-mandato","wp-image-borders"],"amp_enabled":true,"_links":{"self":[{"href":"https:\/\/nvnoticias.mx\/index.php\/wp-json\/wp\/v2\/posts\/42068","targetHints":{"allow":["GET"]}}],"collection":[{"href":"https:\/\/nvnoticias.mx\/index.php\/wp-json\/wp\/v2\/posts"}],"about":[{"href":"https:\/\/nvnoticias.mx\/index.php\/wp-json\/wp\/v2\/types\/post"}],"author":[{"embeddable":true,"href":"https:\/\/nvnoticias.mx\/index.php\/wp-json\/wp\/v2\/users\/8"}],"replies":[{"embeddable":true,"href":"https:\/\/nvnoticias.mx\/index.php\/wp-json\/wp\/v2\/comments?post=42068"}],"version-history":[{"count":1,"href":"https:\/\/nvnoticias.mx\/index.php\/wp-json\/wp\/v2\/posts\/42068\/revisions"}],"predecessor-version":[{"id":42072,"href":"https:\/\/nvnoticias.mx\/index.php\/wp-json\/wp\/v2\/posts\/42068\/revisions\/42072"}],"wp:featuredmedia":[{"embeddable":true,"href":"https:\/\/nvnoticias.mx\/index.php\/wp-json\/wp\/v2\/media\/38235"}],"wp:attachment":[{"href":"https:\/\/nvnoticias.mx\/index.php\/wp-json\/wp\/v2\/media?parent=42068"}],"wp:term":[{"taxonomy":"category","embeddable":true,"href":"https:\/\/nvnoticias.mx\/index.php\/wp-json\/wp\/v2\/categories?post=42068"},{"taxonomy":"post_tag","embeddable":true,"href":"https:\/\/nvnoticias.mx\/index.php\/wp-json\/wp\/v2\/tags?post=42068"}],"curies":[{"name":"wp","href":"https:\/\/api.w.org\/{rel}","templated":true}]}}