{"id":42065,"date":"2022-02-23T12:12:14","date_gmt":"2022-02-23T18:12:14","guid":{"rendered":"https:\/\/nvnoticias.mx\/?p=42065"},"modified":"2022-02-23T12:12:15","modified_gmt":"2022-02-23T18:12:15","slug":"conmemoraran-100-anos-de-lucha-inquilinaria-en-veracruz","status":"publish","type":"post","link":"https:\/\/nvnoticias.mx\/index.php\/2022\/02\/23\/conmemoraran-100-anos-de-lucha-inquilinaria-en-veracruz\/","title":{"rendered":"Conmemorar\u00e1n 100 a\u00f1os de lucha inquilinaria en Veracruz"},"content":{"rendered":"\n<p><strong>Sam Ojeda\u00a0| NV Noticias<\/strong><\/p>\n\n\n\n<p>Xalapa.- En febrero de este a\u00f1o se conmemoran los 100 a\u00f1os del inicio de la lucha inquilinaria en Veracruz, inform\u00f3 la representante de Barz\u00f3n de Resistencia Civil, Teresa Carbajal V\u00e1zquez.<\/p>\n\n\n\n<p>Por ello dijo que varias organizaciones civiles conformaron un comit\u00e9 para conmemorar la lucha por los derechos de quienes rentan viviendas.\u00a0<\/p>\n\n\n\n<p>Dijo que el inicio de la lucha ocurri\u00f3 en Veracruz en\u00a0 febrero de 1922 y estuvo encabezado por amas de casa, bomberos, ocupantes de patios de vecindad que solicitaban mejores condiciones de vida y alojamiento; pago justo de renta, entre otras.<\/p>\n\n\n\n<p>Por ello este a\u00f1o organizaciones conformaronn este comit\u00e9; se trata la Red Mexicana de Estudios de Movimientos Sociales, Facultad de Sociolog\u00eda de la UV, Pobladores Usisver, Barz\u00f3n y Movimiento Popular Independiente.<\/p>\n\n\n\n<p>Y realizar\u00e1n diversas actividades como di\u00e1logos, eventos culturales y art\u00edsticos que dar\u00e1n inicio el lunes 28 de febrero con una mesa de di\u00e1logo en el sal\u00f3n Azul de Humanidades a las 4 de la tarde.<\/p>\n\n\n\n<p>La mesa de di\u00e1logo del pr\u00f3ximo 28 de febrero tiene la intenci\u00f3n de mostrar la realidad actual de los inquilinos en el estado.\u00a0<\/p>\n\n\n\n<p>El 10 de abril en la colonia Her\u00f3n Proal se develar\u00e1 una placa para conmemorar la fundaci\u00f3n de esta colonia con apoyo de egresados de la\u00a0 Facultad de Sociolog\u00eda y un movimiento social.\u00a0<\/p>\n\n\n\n<p>Posteriormente el 5 de junio se realizar\u00e1 un encuentro en el barrio de La Huaca en el puerto de Veracruz que terminar\u00e1 con la conmemoraci\u00f3n de esta lucha.\u00a0<\/p>\n","protected":false},"excerpt":{"rendered":"<p>Sam Ojeda\u00a0| NV Noticias Xalapa.- En febrero de este a\u00f1o se conmemoran los 100 a\u00f1os del inicio de la lucha inquilinaria en Veracruz, inform\u00f3 la representante de Barz\u00f3n de Resistencia Civil, Teresa Carbajal V\u00e1zquez. Por ello dijo que varias organizaciones civiles conformaron un comit\u00e9 para conmemorar la lucha por los derechos de quienes rentan viviendas.\u00a0 [&hellip;]<\/p>\n","protected":false},"author":7,"featured_media":14526,"comment_status":"open","ping_status":"open","sticky":false,"template":"","format":"standard","meta":{"_monsterinsights_skip_tracking":false,"_monsterinsights_sitenote_active":false,"_monsterinsights_sitenote_note":"","_monsterinsights_sitenote_category":0,"footnotes":""},"categories":[156],"tags":[2169,10760,10761,180],"class_list":["post-42065","post","type-post","status-publish","format-standard","has-post-thumbnail","hentry","category-estado","tag-conmemoracion","tag-inquilinos","tag-lucha","tag-veracruz","wp-image-borders"],"amp_enabled":true,"_links":{"self":[{"href":"https:\/\/nvnoticias.mx\/index.php\/wp-json\/wp\/v2\/posts\/42065","targetHints":{"allow":["GET"]}}],"collection":[{"href":"https:\/\/nvnoticias.mx\/index.php\/wp-json\/wp\/v2\/posts"}],"about":[{"href":"https:\/\/nvnoticias.mx\/index.php\/wp-json\/wp\/v2\/types\/post"}],"author":[{"embeddable":true,"href":"https:\/\/nvnoticias.mx\/index.php\/wp-json\/wp\/v2\/users\/7"}],"replies":[{"embeddable":true,"href":"https:\/\/nvnoticias.mx\/index.php\/wp-json\/wp\/v2\/comments?post=42065"}],"version-history":[{"count":1,"href":"https:\/\/nvnoticias.mx\/index.php\/wp-json\/wp\/v2\/posts\/42065\/revisions"}],"predecessor-version":[{"id":42066,"href":"https:\/\/nvnoticias.mx\/index.php\/wp-json\/wp\/v2\/posts\/42065\/revisions\/42066"}],"wp:featuredmedia":[{"embeddable":true,"href":"https:\/\/nvnoticias.mx\/index.php\/wp-json\/wp\/v2\/media\/14526"}],"wp:attachment":[{"href":"https:\/\/nvnoticias.mx\/index.php\/wp-json\/wp\/v2\/media?parent=42065"}],"wp:term":[{"taxonomy":"category","embeddable":true,"href":"https:\/\/nvnoticias.mx\/index.php\/wp-json\/wp\/v2\/categories?post=42065"},{"taxonomy":"post_tag","embeddable":true,"href":"https:\/\/nvnoticias.mx\/index.php\/wp-json\/wp\/v2\/tags?post=42065"}],"curies":[{"name":"wp","href":"https:\/\/api.w.org\/{rel}","templated":true}]}}