{"id":41994,"date":"2022-02-22T18:37:23","date_gmt":"2022-02-23T00:37:23","guid":{"rendered":"https:\/\/nvnoticias.mx\/?p=41994"},"modified":"2022-02-22T18:37:25","modified_gmt":"2022-02-23T00:37:25","slug":"profeco-afirma-que-precio-del-limon-bajo-hasta-los-40-pesos","status":"publish","type":"post","link":"https:\/\/nvnoticias.mx\/index.php\/2022\/02\/22\/profeco-afirma-que-precio-del-limon-bajo-hasta-los-40-pesos\/","title":{"rendered":"Profeco afirma que precio del lim\u00f3n baj\u00f3 hasta los 40 pesos"},"content":{"rendered":"\n<p>Luego de que el kilogramo de lim\u00f3n alcanz\u00f3 un precio m\u00e1ximo de 120 pesos en algunos mercados del pa\u00eds, el titular de la Procuradur\u00eda Federal del Consumidor (Profeco), Ricardo Sheffield Padilla, asegur\u00f3 que el kilogramo del fruto se ha encontrado ya en 40 pesos.<\/p>\n\n\n\n<p>Durante el recorrido de vigilancia y verificaci\u00f3n de precios en La Nueva Viga, el funcionario se\u00f1al\u00f3 que afortunadamente el lim\u00f3n ha vendido bajando por el desabasto de Colima y de Michoac\u00e1n; sin embargo, el producto de esas zonas, dijo, ya est\u00e1 saliendo y se est\u00e1 &#8220;regularizando el mercado&#8221;. <\/p>\n\n\n\n<blockquote class=\"wp-block-quote is-layout-flow wp-block-quote-is-layout-flow\"><p>&#8220;<em>Yo la semana pasada ya encontr\u00e9 en muchos lugares de Ciudad de M\u00e9xico a 40 pesos, ya en otras partes del pa\u00eds, sobre todo a los puntos de producci\u00f3n, ya est\u00e1 hasta abajo de 20 pesos el kilo, entonces ya se est\u00e1 regularizando<\/em>&#8220;, asegur\u00f3 el representante de la Profeco.<\/p><\/blockquote>\n\n\n\n<p>Coment\u00f3 que el lim\u00f3n es un producto que es muy utilizando por los mexicanos durante todo el a\u00f1o, &#8220;algunos tenemos la costumbre de pon\u00e9rselo a todo, y la verdad es m\u00e1s sano ponerle lim\u00f3n a todo, que andarle poniendo sal a todo, que no es nada saludable&#8221;. <\/p>\n\n\n\n<p>Fuente: Milenio <a href=\"https:\/\/www.milenio.com\/negocios\/profeco-limon-bajo-hasta-los-40-pesos-en-algunos-mercados\">https:\/\/www.milenio.com\/negocios\/profeco-limon-bajo-hasta-los-40-pesos-en-algunos-mercados<\/a><\/p>\n","protected":false},"excerpt":{"rendered":"<p>Luego de que el kilogramo de lim\u00f3n alcanz\u00f3 un precio m\u00e1ximo de 120 pesos en algunos mercados del pa\u00eds, el titular de la Procuradur\u00eda Federal del Consumidor (Profeco), Ricardo Sheffield Padilla, asegur\u00f3 que el kilogramo del fruto se ha encontrado ya en 40 pesos. Durante el recorrido de vigilancia y verificaci\u00f3n de precios en La [&hellip;]<\/p>\n","protected":false},"author":8,"featured_media":39898,"comment_status":"open","ping_status":"open","sticky":false,"template":"","format":"standard","meta":{"_monsterinsights_skip_tracking":false,"_monsterinsights_sitenote_active":false,"_monsterinsights_sitenote_note":"","_monsterinsights_sitenote_category":0,"footnotes":""},"categories":[157],"tags":[8858,712],"class_list":["post-41994","post","type-post","status-publish","format-standard","has-post-thumbnail","hentry","category-nacional","tag-limon","tag-profeco","wp-image-borders"],"amp_enabled":true,"_links":{"self":[{"href":"https:\/\/nvnoticias.mx\/index.php\/wp-json\/wp\/v2\/posts\/41994","targetHints":{"allow":["GET"]}}],"collection":[{"href":"https:\/\/nvnoticias.mx\/index.php\/wp-json\/wp\/v2\/posts"}],"about":[{"href":"https:\/\/nvnoticias.mx\/index.php\/wp-json\/wp\/v2\/types\/post"}],"author":[{"embeddable":true,"href":"https:\/\/nvnoticias.mx\/index.php\/wp-json\/wp\/v2\/users\/8"}],"replies":[{"embeddable":true,"href":"https:\/\/nvnoticias.mx\/index.php\/wp-json\/wp\/v2\/comments?post=41994"}],"version-history":[{"count":1,"href":"https:\/\/nvnoticias.mx\/index.php\/wp-json\/wp\/v2\/posts\/41994\/revisions"}],"predecessor-version":[{"id":41995,"href":"https:\/\/nvnoticias.mx\/index.php\/wp-json\/wp\/v2\/posts\/41994\/revisions\/41995"}],"wp:featuredmedia":[{"embeddable":true,"href":"https:\/\/nvnoticias.mx\/index.php\/wp-json\/wp\/v2\/media\/39898"}],"wp:attachment":[{"href":"https:\/\/nvnoticias.mx\/index.php\/wp-json\/wp\/v2\/media?parent=41994"}],"wp:term":[{"taxonomy":"category","embeddable":true,"href":"https:\/\/nvnoticias.mx\/index.php\/wp-json\/wp\/v2\/categories?post=41994"},{"taxonomy":"post_tag","embeddable":true,"href":"https:\/\/nvnoticias.mx\/index.php\/wp-json\/wp\/v2\/tags?post=41994"}],"curies":[{"name":"wp","href":"https:\/\/api.w.org\/{rel}","templated":true}]}}