{"id":41927,"date":"2022-02-22T13:45:21","date_gmt":"2022-02-22T19:45:21","guid":{"rendered":"https:\/\/nvnoticias.mx\/?p=41927"},"modified":"2022-02-22T13:45:22","modified_gmt":"2022-02-22T19:45:22","slug":"suspension-de-obras-del-puerto-de-veracruz-repunto-el-desempleo","status":"publish","type":"post","link":"https:\/\/nvnoticias.mx\/index.php\/2022\/02\/22\/suspension-de-obras-del-puerto-de-veracruz-repunto-el-desempleo\/","title":{"rendered":"Suspensi\u00f3n de obras del Puerto de Veracruz repunt\u00f3 el desempleo"},"content":{"rendered":"\n<p><strong>Jes\u00fas Utrilla \/ NV Noticias<\/strong><\/p>\n\n\n\n<p>Leonel P\u00e9rez Herrera, presidente del Congreso del Trabajo en Veracruz, confi\u00f3 en que se retomen las obras del Puerto, pues la suspensi\u00f3n de acciones perjudica las fuentes de empleo.&nbsp;<\/p>\n\n\n\n<p>Reconoci\u00f3 que los proyectos deben ser sustentables, sin embargo, deben llevarse a cabo sobre todo ahora que se requiere detonar el desarrollo econ\u00f3mico, luego del fuerte impacto de la emergencia sanitaria del Covid.<\/p>\n\n\n\n<blockquote class=\"wp-block-quote is-layout-flow wp-block-quote-is-layout-flow\"><p>\u201c<em>Esperemos que eso se resuelva pronto, muy independiente del tema Covid que disminuy\u00f3 el tema econ\u00f3mico se suman estas cosas. Hay que cuidar el medio ambiente pero hay que buscar alternativas donde se pueda proteger el medio ambiente y podamos reactivar el empleo, no podemos detenernos, debe haber soluciones. Pedimos a nuestros gobernantes y la gente que participa que le ponga imaginaci\u00f3n<\/em>\u201d.\u00a0<\/p><\/blockquote>\n\n\n\n<p>Record\u00f3 que no pueden cerrarse m\u00e1s fuentes de empleo, pues la informalidad sigue creciendo.<\/p>\n\n\n\n<p>Por ello conf\u00edo en que se busquen alternativas que permitan retomar a la brevedad las obras de crecimiento del Puerto de Veracruz.<\/p>\n\n\n\n<blockquote class=\"wp-block-quote is-layout-flow wp-block-quote-is-layout-flow\"><p>\u201c<em>Al momento de cerrarse una fuente de empleo la gente tiene que generar y por eso tenemos el incremento en la informalidad. Los empleos informales y el autoempleo han crecido mucho. Si se cierra una puerta hay que abrir otra\u201d<\/em>.<\/p><\/blockquote>\n\n\n\n<p>La suspensi\u00f3n de obras no solo impactaron al interior sino en las inmediaciones donde se iban a instalar empresas, generar servicios, ampliar desarrollos habitacionales, entre otros.<\/p>\n\n\n\n<blockquote class=\"wp-block-quote is-layout-flow wp-block-quote-is-layout-flow\"><p>\u201c<em>El transporte p\u00fablico, el transporte de carga, eso se ha detenido tambi\u00e9n y la din\u00e1mica del puerto est\u00e1 en pausa. Debe solucionarse todo para que eso se active<\/em>\u201d.\u00a0<\/p><\/blockquote>\n","protected":false},"excerpt":{"rendered":"<p>Jes\u00fas Utrilla \/ NV Noticias Leonel P\u00e9rez Herrera, presidente del Congreso del Trabajo en Veracruz, confi\u00f3 en que se retomen las obras del Puerto, pues la suspensi\u00f3n de acciones perjudica las fuentes de empleo.&nbsp; Reconoci\u00f3 que los proyectos deben ser sustentables, sin embargo, deben llevarse a cabo sobre todo ahora que se requiere detonar el [&hellip;]<\/p>\n","protected":false},"author":8,"featured_media":41928,"comment_status":"open","ping_status":"open","sticky":false,"template":"","format":"standard","meta":{"_monsterinsights_skip_tracking":false,"_monsterinsights_sitenote_active":false,"_monsterinsights_sitenote_note":"","_monsterinsights_sitenote_category":0,"footnotes":""},"categories":[154],"tags":[1015,334,749,3291],"class_list":["post-41927","post","type-post","status-publish","format-standard","has-post-thumbnail","hentry","category-veracruz","tag-desempleo","tag-obras","tag-puerto-de-veracruz","tag-suspension","wp-image-borders"],"amp_enabled":true,"_links":{"self":[{"href":"https:\/\/nvnoticias.mx\/index.php\/wp-json\/wp\/v2\/posts\/41927","targetHints":{"allow":["GET"]}}],"collection":[{"href":"https:\/\/nvnoticias.mx\/index.php\/wp-json\/wp\/v2\/posts"}],"about":[{"href":"https:\/\/nvnoticias.mx\/index.php\/wp-json\/wp\/v2\/types\/post"}],"author":[{"embeddable":true,"href":"https:\/\/nvnoticias.mx\/index.php\/wp-json\/wp\/v2\/users\/8"}],"replies":[{"embeddable":true,"href":"https:\/\/nvnoticias.mx\/index.php\/wp-json\/wp\/v2\/comments?post=41927"}],"version-history":[{"count":1,"href":"https:\/\/nvnoticias.mx\/index.php\/wp-json\/wp\/v2\/posts\/41927\/revisions"}],"predecessor-version":[{"id":41929,"href":"https:\/\/nvnoticias.mx\/index.php\/wp-json\/wp\/v2\/posts\/41927\/revisions\/41929"}],"wp:featuredmedia":[{"embeddable":true,"href":"https:\/\/nvnoticias.mx\/index.php\/wp-json\/wp\/v2\/media\/41928"}],"wp:attachment":[{"href":"https:\/\/nvnoticias.mx\/index.php\/wp-json\/wp\/v2\/media?parent=41927"}],"wp:term":[{"taxonomy":"category","embeddable":true,"href":"https:\/\/nvnoticias.mx\/index.php\/wp-json\/wp\/v2\/categories?post=41927"},{"taxonomy":"post_tag","embeddable":true,"href":"https:\/\/nvnoticias.mx\/index.php\/wp-json\/wp\/v2\/tags?post=41927"}],"curies":[{"name":"wp","href":"https:\/\/api.w.org\/{rel}","templated":true}]}}