{"id":41919,"date":"2022-02-22T13:22:32","date_gmt":"2022-02-22T19:22:32","guid":{"rendered":"https:\/\/nvnoticias.mx\/?p=41919"},"modified":"2022-02-22T13:22:34","modified_gmt":"2022-02-22T19:22:34","slug":"embajada-de-mexico-seguira-funcionando-en-ucrania-ebrard","status":"publish","type":"post","link":"https:\/\/nvnoticias.mx\/index.php\/2022\/02\/22\/embajada-de-mexico-seguira-funcionando-en-ucrania-ebrard\/","title":{"rendered":"Embajada de M\u00e9xico seguir\u00e1 funcionando en Ucrania: Ebrard"},"content":{"rendered":"\n<p>Ante la crisis entre\u00a0Ucrania\u00a0y Rusia,\u00a0Marcelo Ebrard, secretario de Relaciones Exteriores, se\u00f1al\u00f3 que la embajada de M\u00e9xico en territorio ucraniano asegur\u00f3 que no tiene previsto que cierre.\u00a0<\/p>\n\n\n\n<blockquote class=\"wp-block-quote is-layout-flow wp-block-quote-is-layout-flow\"><p><em>\u201cLa embajada asegur\u00f3 que va a permanecer, no tenemos previsto mover, cerrar o evacuar. La embajada mexicana va a seguir funcionando normalmente<\/em>\u201d, dijo el canciller.<\/p><\/blockquote>\n\n\n\n<p>Ebrard reiter\u00f3 que M\u00e9xico respalda un proceso pac\u00edfico en Ucrania y el respeto a su integridad: \u201cQue se establezcan los procesos pol\u00edticos correspondientes y que se evite que se escale el conflicto\u201d.<\/p>\n\n\n\n<p>Indic\u00f3 que mantendr\u00e1n el respaldo a las familias mexicanas que est\u00e1n en Ucrania, con las que est\u00e1n en comunicaci\u00f3n.\u00a0<\/p>\n\n\n\n<p>Fuente: El Universal <a href=\"https:\/\/www.eluniversal.com.mx\/nacion\/marcelo-ebrard-la-embajada-de-mexico-en-ucrania-va-seguir-funcionando\">https:\/\/www.eluniversal.com.mx\/nacion\/marcelo-ebrard-la-embajada-de-mexico-en-ucrania-va-seguir-funcionando<\/a><\/p>\n","protected":false},"excerpt":{"rendered":"<p>Ante la crisis entre\u00a0Ucrania\u00a0y Rusia,\u00a0Marcelo Ebrard, secretario de Relaciones Exteriores, se\u00f1al\u00f3 que la embajada de M\u00e9xico en territorio ucraniano asegur\u00f3 que no tiene previsto que cierre.\u00a0 \u201cLa embajada asegur\u00f3 que va a permanecer, no tenemos previsto mover, cerrar o evacuar. La embajada mexicana va a seguir funcionando normalmente\u201d, dijo el canciller. Ebrard reiter\u00f3 que M\u00e9xico [&hellip;]<\/p>\n","protected":false},"author":8,"featured_media":19414,"comment_status":"open","ping_status":"open","sticky":false,"template":"","format":"standard","meta":{"_monsterinsights_skip_tracking":false,"_monsterinsights_sitenote_active":false,"_monsterinsights_sitenote_note":"","_monsterinsights_sitenote_category":0,"footnotes":""},"categories":[157],"tags":[3037,391,292,5041],"class_list":["post-41919","post","type-post","status-publish","format-standard","has-post-thumbnail","hentry","category-nacional","tag-embajada","tag-marcelo-ebrard","tag-mexico","tag-ucrania","wp-image-borders"],"amp_enabled":true,"_links":{"self":[{"href":"https:\/\/nvnoticias.mx\/index.php\/wp-json\/wp\/v2\/posts\/41919","targetHints":{"allow":["GET"]}}],"collection":[{"href":"https:\/\/nvnoticias.mx\/index.php\/wp-json\/wp\/v2\/posts"}],"about":[{"href":"https:\/\/nvnoticias.mx\/index.php\/wp-json\/wp\/v2\/types\/post"}],"author":[{"embeddable":true,"href":"https:\/\/nvnoticias.mx\/index.php\/wp-json\/wp\/v2\/users\/8"}],"replies":[{"embeddable":true,"href":"https:\/\/nvnoticias.mx\/index.php\/wp-json\/wp\/v2\/comments?post=41919"}],"version-history":[{"count":1,"href":"https:\/\/nvnoticias.mx\/index.php\/wp-json\/wp\/v2\/posts\/41919\/revisions"}],"predecessor-version":[{"id":41923,"href":"https:\/\/nvnoticias.mx\/index.php\/wp-json\/wp\/v2\/posts\/41919\/revisions\/41923"}],"wp:featuredmedia":[{"embeddable":true,"href":"https:\/\/nvnoticias.mx\/index.php\/wp-json\/wp\/v2\/media\/19414"}],"wp:attachment":[{"href":"https:\/\/nvnoticias.mx\/index.php\/wp-json\/wp\/v2\/media?parent=41919"}],"wp:term":[{"taxonomy":"category","embeddable":true,"href":"https:\/\/nvnoticias.mx\/index.php\/wp-json\/wp\/v2\/categories?post=41919"},{"taxonomy":"post_tag","embeddable":true,"href":"https:\/\/nvnoticias.mx\/index.php\/wp-json\/wp\/v2\/tags?post=41919"}],"curies":[{"name":"wp","href":"https:\/\/api.w.org\/{rel}","templated":true}]}}