{"id":41908,"date":"2022-02-22T12:43:44","date_gmt":"2022-02-22T18:43:44","guid":{"rendered":"https:\/\/nvnoticias.mx\/?p=41908"},"modified":"2022-02-22T12:43:45","modified_gmt":"2022-02-22T18:43:45","slug":"exempleado-del-ipax-denuncia-despido-por-tener-vih","status":"publish","type":"post","link":"https:\/\/nvnoticias.mx\/index.php\/2022\/02\/22\/exempleado-del-ipax-denuncia-despido-por-tener-vih\/","title":{"rendered":"Exempleado del IPAX denuncia despido por tener VIH"},"content":{"rendered":"\n<p><strong>Sam Ojeda\u00a0\/ NV Noticias<\/strong><\/p>\n\n\n\n<p>Xalapa.- Vinicio Escobar Flores, trabajador con 14 a\u00f1os de antig\u00fcedad del Instituto de la Polic\u00eda Auxiliar y Protecci\u00f3n Patrimonial para el estado de Veracruz (IPAX) denunci\u00f3 que fue despedido hace 10 d\u00edas sin justificaci\u00f3n.<\/p>\n\n\n\n<p>En conferencia de prensa, acus\u00f3 al comisionado del IPAX, H\u00e9ctor Manuel Riveros, de despedirlo por vivir con VIH, lo cual dijo se trata de discriminaci\u00f3n.\u00a0<\/p>\n\n\n\n<blockquote class=\"wp-block-quote is-layout-flow wp-block-quote-is-layout-flow\"><p>\u201c<em>Trabajaba ah\u00ed, pero me despidi\u00f3 a pesar de estar enfermo, yo padezco VIH y fue una discriminaci\u00f3n. Me iniciaron faltas administrativas, yo no tengo con qu\u00e9 ampararme, por eso pido que se haga justicia<\/em>\u201d<\/p><\/blockquote>\n\n\n\n<p>Narr\u00f3 que en 2020 tuvo una reca\u00edda y su salud se vio mermada; a\u00fan as\u00ed, fue enviado a Tuxpan a sabiendas de que no contaba con los recursos para sostenerse en ese sitio.\u00a0<\/p>\n\n\n\n<blockquote class=\"wp-block-quote is-layout-flow wp-block-quote-is-layout-flow\"><p>\u201c<em>Incurri\u00f3 en irregularidades conmigo; yo era vigilante operativo aqu\u00ed en Xalapa, pero en 2020 tuve una reca\u00edda en la enfermedad, a\u00fan as\u00ed me mando a Tuxpan, y yo no ten\u00eda recursos para moverme<\/em>\u201d.<\/p><\/blockquote>\n\n\n\n<p>Dijo que a ra\u00edz de ello, se le iniciaron diversas actas administrativas para despedirlo, lo que finalmente se concret\u00f3 hace 10 d\u00edas, aunque no ha recibido finiquito por sus a\u00f1os de servicio.\u00a0<\/p>\n\n\n\n<blockquote class=\"wp-block-quote is-layout-flow wp-block-quote-is-layout-flow\"><p>\u201c<em>Hasta la fecha no he recibido nada, ninguna notificaci\u00f3n; yo lo que pido es que se me indemnice, yo no pienso regresar porque es una instituci\u00f3n mala<\/em>\u201d.<\/p><\/blockquote>\n\n\n\n<p>\u00a0Escobar Flores pidi\u00f3 la destituci\u00f3n del comisionado del IPAX y el pago de su finiquito, pues dijo que no tienen intenci\u00f3n de pelear por su restituci\u00f3n, ya que considera que esta empresa se ha convertido en un mal lugar de trabajo.\u00a0<\/p>\n","protected":false},"excerpt":{"rendered":"<p>Sam Ojeda\u00a0\/ NV Noticias Xalapa.- Vinicio Escobar Flores, trabajador con 14 a\u00f1os de antig\u00fcedad del Instituto de la Polic\u00eda Auxiliar y Protecci\u00f3n Patrimonial para el estado de Veracruz (IPAX) denunci\u00f3 que fue despedido hace 10 d\u00edas sin justificaci\u00f3n. En conferencia de prensa, acus\u00f3 al comisionado del IPAX, H\u00e9ctor Manuel Riveros, de despedirlo por vivir con [&hellip;]<\/p>\n","protected":false},"author":8,"featured_media":41909,"comment_status":"open","ping_status":"open","sticky":false,"template":"","format":"standard","meta":{"_monsterinsights_skip_tracking":false,"_monsterinsights_sitenote_active":false,"_monsterinsights_sitenote_note":"","_monsterinsights_sitenote_category":0,"footnotes":""},"categories":[156],"tags":[5156,2059,313],"class_list":["post-41908","post","type-post","status-publish","format-standard","has-post-thumbnail","hentry","category-estado","tag-despido","tag-ipax","tag-vih","wp-image-borders"],"amp_enabled":true,"_links":{"self":[{"href":"https:\/\/nvnoticias.mx\/index.php\/wp-json\/wp\/v2\/posts\/41908","targetHints":{"allow":["GET"]}}],"collection":[{"href":"https:\/\/nvnoticias.mx\/index.php\/wp-json\/wp\/v2\/posts"}],"about":[{"href":"https:\/\/nvnoticias.mx\/index.php\/wp-json\/wp\/v2\/types\/post"}],"author":[{"embeddable":true,"href":"https:\/\/nvnoticias.mx\/index.php\/wp-json\/wp\/v2\/users\/8"}],"replies":[{"embeddable":true,"href":"https:\/\/nvnoticias.mx\/index.php\/wp-json\/wp\/v2\/comments?post=41908"}],"version-history":[{"count":1,"href":"https:\/\/nvnoticias.mx\/index.php\/wp-json\/wp\/v2\/posts\/41908\/revisions"}],"predecessor-version":[{"id":41910,"href":"https:\/\/nvnoticias.mx\/index.php\/wp-json\/wp\/v2\/posts\/41908\/revisions\/41910"}],"wp:featuredmedia":[{"embeddable":true,"href":"https:\/\/nvnoticias.mx\/index.php\/wp-json\/wp\/v2\/media\/41909"}],"wp:attachment":[{"href":"https:\/\/nvnoticias.mx\/index.php\/wp-json\/wp\/v2\/media?parent=41908"}],"wp:term":[{"taxonomy":"category","embeddable":true,"href":"https:\/\/nvnoticias.mx\/index.php\/wp-json\/wp\/v2\/categories?post=41908"},{"taxonomy":"post_tag","embeddable":true,"href":"https:\/\/nvnoticias.mx\/index.php\/wp-json\/wp\/v2\/tags?post=41908"}],"curies":[{"name":"wp","href":"https:\/\/api.w.org\/{rel}","templated":true}]}}