{"id":41900,"date":"2022-02-22T12:34:46","date_gmt":"2022-02-22T18:34:46","guid":{"rendered":"https:\/\/nvnoticias.mx\/?p=41900"},"modified":"2022-02-22T12:34:46","modified_gmt":"2022-02-22T18:34:46","slug":"consulta-de-revocacion-de-mandato-medira-aprobacion-del-presidente-evangelicos","status":"publish","type":"post","link":"https:\/\/nvnoticias.mx\/index.php\/2022\/02\/22\/consulta-de-revocacion-de-mandato-medira-aprobacion-del-presidente-evangelicos\/","title":{"rendered":"Consulta de revocaci\u00f3n de mandato medir\u00e1 aprobaci\u00f3n del Presidente: evang\u00e9licos"},"content":{"rendered":"\n<p><strong>Sam Ojeda\u00a0\/ NV Noticias<\/strong><\/p>\n\n\n\n<p>Xalapa.- El presidente de la Red Evang\u00e9lica de Veracruz, Guillermo Trujillo \u00c1lvarez, advirti\u00f3 que el pr\u00f3ximo 10 de abril se realizar\u00e1 un ejercicio que permitir\u00e1 ver qu\u00e9 tanta aprobaci\u00f3n tiene el presidente Andr\u00e9s Manuel L\u00f3pez Obrador, rumbo a las elecciones de 2024.\u00a0<\/p>\n\n\n\n<p>Por ello, consider\u00f3 que la poblaci\u00f3n debe aprovechar para salir a expresar su voto, ya sea para dar continuidad al Gobierno o para \u201cmandar al presidente a su casa\u201d.\u00a0<\/p>\n\n\n\n<blockquote class=\"wp-block-quote is-layout-flow wp-block-quote-is-layout-flow\"><p>\u201c<em>Lo m\u00e1s importante es salir a votar, emitir nuestro voto. Se decidir\u00e1 si los mexicanos quieren que contin\u00fae el mandato del presidente o si lo mandan a su casa<\/em>\u201d.<\/p><\/blockquote>\n\n\n\n<p>Y es que consider\u00f3 que muchos ciudadanos han desde\u00f1ado este ejercicio a pesar de que se ha luchado para que la figura de consulta popular sea una realidad en el pa\u00eds.\u00a0<\/p>\n\n\n\n<p>Adem\u00e1s, opin\u00f3 que dado el limitado n\u00famero de casillas para emitir la opini\u00f3n popular, el Instituto Nacional Electoral (INE) podr\u00eda tener otras estrategias como contar con un horario ampliado.\u00a0<\/p>\n\n\n\n<blockquote class=\"wp-block-quote is-layout-flow wp-block-quote-is-layout-flow\"><p>\u201c<em>Si no hay muchas mesas, que pudieran ampliar el horario, abrir m\u00e1s temprano y cerrar m\u00e1s tarde<\/em>\u201d.<\/p><\/blockquote>\n\n\n\n<p>El evang\u00e9lico insisti\u00f3 en que los m\u00e1s importantes es que la gente salga a emitir su opini\u00f3n y no se queden \u201cviendo el futbol\u201d.\u00a0<\/p>\n","protected":false},"excerpt":{"rendered":"<p>Sam Ojeda\u00a0\/ NV Noticias Xalapa.- El presidente de la Red Evang\u00e9lica de Veracruz, Guillermo Trujillo \u00c1lvarez, advirti\u00f3 que el pr\u00f3ximo 10 de abril se realizar\u00e1 un ejercicio que permitir\u00e1 ver qu\u00e9 tanta aprobaci\u00f3n tiene el presidente Andr\u00e9s Manuel L\u00f3pez Obrador, rumbo a las elecciones de 2024.\u00a0 Por ello, consider\u00f3 que la poblaci\u00f3n debe aprovechar para [&hellip;]<\/p>\n","protected":false},"author":8,"featured_media":41904,"comment_status":"open","ping_status":"open","sticky":false,"template":"","format":"standard","meta":{"_monsterinsights_skip_tracking":false,"_monsterinsights_sitenote_active":false,"_monsterinsights_sitenote_note":"","_monsterinsights_sitenote_category":0,"footnotes":""},"categories":[156],"tags":[625,411,5354],"class_list":["post-41900","post","type-post","status-publish","format-standard","has-post-thumbnail","hentry","category-estado","tag-evangelicos","tag-presidente","tag-revocacion-de-mandato","wp-image-borders"],"amp_enabled":true,"_links":{"self":[{"href":"https:\/\/nvnoticias.mx\/index.php\/wp-json\/wp\/v2\/posts\/41900","targetHints":{"allow":["GET"]}}],"collection":[{"href":"https:\/\/nvnoticias.mx\/index.php\/wp-json\/wp\/v2\/posts"}],"about":[{"href":"https:\/\/nvnoticias.mx\/index.php\/wp-json\/wp\/v2\/types\/post"}],"author":[{"embeddable":true,"href":"https:\/\/nvnoticias.mx\/index.php\/wp-json\/wp\/v2\/users\/8"}],"replies":[{"embeddable":true,"href":"https:\/\/nvnoticias.mx\/index.php\/wp-json\/wp\/v2\/comments?post=41900"}],"version-history":[{"count":1,"href":"https:\/\/nvnoticias.mx\/index.php\/wp-json\/wp\/v2\/posts\/41900\/revisions"}],"predecessor-version":[{"id":41905,"href":"https:\/\/nvnoticias.mx\/index.php\/wp-json\/wp\/v2\/posts\/41900\/revisions\/41905"}],"wp:featuredmedia":[{"embeddable":true,"href":"https:\/\/nvnoticias.mx\/index.php\/wp-json\/wp\/v2\/media\/41904"}],"wp:attachment":[{"href":"https:\/\/nvnoticias.mx\/index.php\/wp-json\/wp\/v2\/media?parent=41900"}],"wp:term":[{"taxonomy":"category","embeddable":true,"href":"https:\/\/nvnoticias.mx\/index.php\/wp-json\/wp\/v2\/categories?post=41900"},{"taxonomy":"post_tag","embeddable":true,"href":"https:\/\/nvnoticias.mx\/index.php\/wp-json\/wp\/v2\/tags?post=41900"}],"curies":[{"name":"wp","href":"https:\/\/api.w.org\/{rel}","templated":true}]}}