{"id":41879,"date":"2022-02-22T11:56:02","date_gmt":"2022-02-22T17:56:02","guid":{"rendered":"https:\/\/nvnoticias.mx\/?p=41879"},"modified":"2022-02-22T11:56:03","modified_gmt":"2022-02-22T17:56:03","slug":"posponen-audiencia-constitucional-sobre-caso-del-rio-virgen-para-el-9-de-marzo","status":"publish","type":"post","link":"https:\/\/nvnoticias.mx\/index.php\/2022\/02\/22\/posponen-audiencia-constitucional-sobre-caso-del-rio-virgen-para-el-9-de-marzo\/","title":{"rendered":"Posponen audiencia constitucional sobre caso Del R\u00edo Virgen para el 9 de marzo"},"content":{"rendered":"\n<p>El juez de Distrito a cargo de resolver sobre el juicio de amparo que promovi\u00f3 Jos\u00e9 Manuel del R\u00edo Virgen, secretario t\u00e9cnico de la Junta de Coordinaci\u00f3n Pol\u00edtica del Senado, pospuso la audiencia constitucional sobre este caso que estaba programada para el 21 de febrero, la cual fue diferida para el 9 de marzo a las 13:00 horas. <\/p>\n\n\n\n<p>Profesionales del derecho consideraron que esta decisi\u00f3n es acertada, toda vez que para pronunciarse el juez de distrito debe analizar 27 horas de video, que fue lo que dur\u00f3 la audiencia en la que Del R\u00edo Virgen fue vinculado a proceso.\u00a0<\/p>\n\n\n\n<p>Otro factor de retraso fue que el juez de control del D\u00e9cimo Primer Distrito Judicial en Xalapa, Veracruz, Francisco Reyes Contreras, no entreg\u00f3 el informe justificado sobre esa audiencia que le solicit\u00f3 el juez D\u00e9cimo S\u00e9ptimo de Distrito, sino hasta unos minutos antes de que se venciera el plazo.\u00a0 Por estas razones, la posposici\u00f3n fue bien recibida en c\u00edrculos de abogados, debido a que consideran que el juez de Distrito est\u00e1 asumiendo una actitud responsable y adecuada antes de emitir su resoluci\u00f3n.\u00a0 Del R\u00edo Virgen fue detenido en la ma\u00f1ana del 22 de diciembre de 2021, en los l\u00edmites de Veracruz y Oaxaca, por polic\u00edas ministeriales de Veracruz. <\/p>\n\n\n\n<p>La Fiscal\u00eda General del estado lo acus\u00f3 del cargo de homicidio calificado por la muerte de Remigio Tovar, candidato del partido Movimiento Ciudadano a la presidencia municipal de Cazones de Herrera, Veracruz, en junio de 2021. El juez de control Reyes Contreras, tras una audiencia que empez\u00f3 el 27 de diciembre y culmin\u00f3 al d\u00eda siguiente, emiti\u00f3 una resoluci\u00f3n centrada en repetir lo que se encontraba en la carpeta de investigaci\u00f3n de la Fiscal\u00eda y lo vincul\u00f3 a proceso, sin referirse a ning\u00fan hecho ni presentar pruebas sobre la participaci\u00f3n del inculpado, y violando el plazo constitucional que consagra el art\u00edculo 19 de la Constituci\u00f3n.<\/p>\n\n\n\n<p>Fuente: <a href=\"https:\/\/www.milenio.com\/politica\/rio-virgen-posponen-9-marzo-audiencia-constitucional\" data-type=\"URL\" data-id=\"https:\/\/www.milenio.com\/politica\/rio-virgen-posponen-9-marzo-audiencia-constitucional\">Milenio <\/a><\/p>\n","protected":false},"excerpt":{"rendered":"<p>El juez de Distrito a cargo de resolver sobre el juicio de amparo que promovi\u00f3 Jos\u00e9 Manuel del R\u00edo Virgen, secretario t\u00e9cnico de la Junta de Coordinaci\u00f3n Pol\u00edtica del Senado, pospuso la audiencia constitucional sobre este caso que estaba programada para el 21 de febrero, la cual fue diferida para el 9 de marzo a [&hellip;]<\/p>\n","protected":false},"author":35,"featured_media":35321,"comment_status":"open","ping_status":"open","sticky":false,"template":"","format":"standard","meta":{"_monsterinsights_skip_tracking":false,"_monsterinsights_sitenote_active":false,"_monsterinsights_sitenote_note":"","_monsterinsights_sitenote_category":0,"footnotes":""},"categories":[157],"tags":[3090,10693,8212],"class_list":["post-41879","post","type-post","status-publish","format-standard","has-post-thumbnail","hentry","category-nacional","tag-audiencia","tag-constitucional","tag-jose-manuel-del-rio-virgen","wp-image-borders"],"amp_enabled":true,"_links":{"self":[{"href":"https:\/\/nvnoticias.mx\/index.php\/wp-json\/wp\/v2\/posts\/41879","targetHints":{"allow":["GET"]}}],"collection":[{"href":"https:\/\/nvnoticias.mx\/index.php\/wp-json\/wp\/v2\/posts"}],"about":[{"href":"https:\/\/nvnoticias.mx\/index.php\/wp-json\/wp\/v2\/types\/post"}],"author":[{"embeddable":true,"href":"https:\/\/nvnoticias.mx\/index.php\/wp-json\/wp\/v2\/users\/35"}],"replies":[{"embeddable":true,"href":"https:\/\/nvnoticias.mx\/index.php\/wp-json\/wp\/v2\/comments?post=41879"}],"version-history":[{"count":1,"href":"https:\/\/nvnoticias.mx\/index.php\/wp-json\/wp\/v2\/posts\/41879\/revisions"}],"predecessor-version":[{"id":41883,"href":"https:\/\/nvnoticias.mx\/index.php\/wp-json\/wp\/v2\/posts\/41879\/revisions\/41883"}],"wp:featuredmedia":[{"embeddable":true,"href":"https:\/\/nvnoticias.mx\/index.php\/wp-json\/wp\/v2\/media\/35321"}],"wp:attachment":[{"href":"https:\/\/nvnoticias.mx\/index.php\/wp-json\/wp\/v2\/media?parent=41879"}],"wp:term":[{"taxonomy":"category","embeddable":true,"href":"https:\/\/nvnoticias.mx\/index.php\/wp-json\/wp\/v2\/categories?post=41879"},{"taxonomy":"post_tag","embeddable":true,"href":"https:\/\/nvnoticias.mx\/index.php\/wp-json\/wp\/v2\/tags?post=41879"}],"curies":[{"name":"wp","href":"https:\/\/api.w.org\/{rel}","templated":true}]}}