{"id":41762,"date":"2022-02-21T14:15:26","date_gmt":"2022-02-21T20:15:26","guid":{"rendered":"https:\/\/nvnoticias.mx\/?p=41762"},"modified":"2022-02-21T14:15:28","modified_gmt":"2022-02-21T20:15:28","slug":"acusan-internautas-a-anuel-de-recrear-con-yailin-una-foto-antigua-con-karol-g","status":"publish","type":"post","link":"https:\/\/nvnoticias.mx\/index.php\/2022\/02\/21\/acusan-internautas-a-anuel-de-recrear-con-yailin-una-foto-antigua-con-karol-g\/","title":{"rendered":"Acusan internautas  a Anuel de recrear con Yailin una foto antigua con Karol G"},"content":{"rendered":"\n<p>Aunque ha pasado un tiempo desde que\u00a0Anuel y\u00a0<em>Yailin, la m\u00e1s viral<\/em>\u00a0le hicieran su relaci\u00f3n p\u00fablica al mundo, la pol\u00e9mica que hay alrededor de su romance no se ha detenido ni un un solo momento.<\/p>\n\n\n\n<p>Y es que desde que la pareja hizo el anuncio de que estaban juntos, muchas personas han hecho especulaciones sobre c\u00f3mo fueron sus inicios y si su romance naci\u00f3 como una infidelidad hacia\u00a0Karol G. Adem\u00e1s, han acusado a\u00a0Anuel\u00a0de tratar de reemplazar a\u00a0<em>la\u00a0Bichota Mayor,\u00a0<\/em>mientras a\u00fan piensa en ella.<\/p>\n\n\n\n<p>Solo hay que ver la enorme cantidad de cr\u00edticas que le llegaron a\u00a0Yailin\u00a0en una transmisi\u00f3n en vivo reciente, donde muchas personas arremetieron en su contra y ella no pudo evitar mostrarse muy afectada.<\/p>\n\n\n\n<p>Ahora acaba de surgir una nueva raz\u00f3n de cr\u00edticas contra\u00a0Yailin y Anuel, ya que muchos internautas lo est\u00e1n acusando de repetir su relaci\u00f3n con\u00a0Karol\u00a0casi al pie de la letra. Tan es as\u00ed, que parece que el cantante acaba de recrear una fotograf\u00eda de su pasado con Karol.<\/p>\n\n\n\n<p>Fuente: <a href=\"https:\/\/www.eonline.com\/mx\/news\/1320546\/internautas-acusan-a-anuel-de-recrear-con-yailin-una-foto-antigua-con-karol-g\" data-type=\"URL\" data-id=\"https:\/\/www.eonline.com\/mx\/news\/1320546\/internautas-acusan-a-anuel-de-recrear-con-yailin-una-foto-antigua-con-karol-g\">E! <\/a><\/p>\n","protected":false},"excerpt":{"rendered":"<p>Aunque ha pasado un tiempo desde que\u00a0Anuel y\u00a0Yailin, la m\u00e1s viral\u00a0le hicieran su relaci\u00f3n p\u00fablica al mundo, la pol\u00e9mica que hay alrededor de su romance no se ha detenido ni un un solo momento. Y es que desde que la pareja hizo el anuncio de que estaban juntos, muchas personas han hecho especulaciones sobre c\u00f3mo [&hellip;]<\/p>\n","protected":false},"author":35,"featured_media":41764,"comment_status":"open","ping_status":"open","sticky":false,"template":"","format":"standard","meta":{"_monsterinsights_skip_tracking":false,"_monsterinsights_sitenote_active":false,"_monsterinsights_sitenote_note":"","_monsterinsights_sitenote_category":0,"footnotes":""},"categories":[576],"tags":[10646,10648,10647],"class_list":["post-41762","post","type-post","status-publish","format-standard","has-post-thumbnail","hentry","category-ocio","tag-anuel","tag-karol-g","tag-yailin","wp-image-borders"],"amp_enabled":true,"_links":{"self":[{"href":"https:\/\/nvnoticias.mx\/index.php\/wp-json\/wp\/v2\/posts\/41762","targetHints":{"allow":["GET"]}}],"collection":[{"href":"https:\/\/nvnoticias.mx\/index.php\/wp-json\/wp\/v2\/posts"}],"about":[{"href":"https:\/\/nvnoticias.mx\/index.php\/wp-json\/wp\/v2\/types\/post"}],"author":[{"embeddable":true,"href":"https:\/\/nvnoticias.mx\/index.php\/wp-json\/wp\/v2\/users\/35"}],"replies":[{"embeddable":true,"href":"https:\/\/nvnoticias.mx\/index.php\/wp-json\/wp\/v2\/comments?post=41762"}],"version-history":[{"count":1,"href":"https:\/\/nvnoticias.mx\/index.php\/wp-json\/wp\/v2\/posts\/41762\/revisions"}],"predecessor-version":[{"id":41765,"href":"https:\/\/nvnoticias.mx\/index.php\/wp-json\/wp\/v2\/posts\/41762\/revisions\/41765"}],"wp:featuredmedia":[{"embeddable":true,"href":"https:\/\/nvnoticias.mx\/index.php\/wp-json\/wp\/v2\/media\/41764"}],"wp:attachment":[{"href":"https:\/\/nvnoticias.mx\/index.php\/wp-json\/wp\/v2\/media?parent=41762"}],"wp:term":[{"taxonomy":"category","embeddable":true,"href":"https:\/\/nvnoticias.mx\/index.php\/wp-json\/wp\/v2\/categories?post=41762"},{"taxonomy":"post_tag","embeddable":true,"href":"https:\/\/nvnoticias.mx\/index.php\/wp-json\/wp\/v2\/tags?post=41762"}],"curies":[{"name":"wp","href":"https:\/\/api.w.org\/{rel}","templated":true}]}}