{"id":41757,"date":"2022-02-21T14:08:38","date_gmt":"2022-02-21T20:08:38","guid":{"rendered":"https:\/\/nvnoticias.mx\/?p=41757"},"modified":"2022-02-21T14:08:39","modified_gmt":"2022-02-21T20:08:39","slug":"alumnos-del-cbtis-regresan-a-clases-en-coatepec-tras-ano-y-medio-de-pandemia","status":"publish","type":"post","link":"https:\/\/nvnoticias.mx\/index.php\/2022\/02\/21\/alumnos-del-cbtis-regresan-a-clases-en-coatepec-tras-ano-y-medio-de-pandemia\/","title":{"rendered":"Alumnos del CBTIS regresan a clases en Coatepec tras a\u00f1o y medio de pandemia"},"content":{"rendered":"\n<p><strong>Sam Ojeda\u00a0\/ NV Noticias<\/strong><\/p>\n\n\n\n<p>Xalapa.-\u00a0Tras a\u00f1o y medio de pandemia por covid-19, los alumnos del\u00a0CBTIS 165 \u201cLeona Vicario\u201d en el municipio de Coatepec\u00a0volvieron a clases presenciales.\u00a0<\/p>\n\n\n\n<p>El director del plantel, Carlos Enrique Armas Montoro,\u00a0dijo que regresaron a las aulas el 50 por ciento de la plantilla de alumnos, es decir, alrededor de 400 estudiantes.<\/p>\n\n\n\n<p>Explic\u00f3 que el retorno se da de manera escalonada y con todas las medidas sanitarias, como el uso obligatorio del cubrebocas, la instalaci\u00f3n de dispensadores de gel en cada sal\u00f3n y la prohibici\u00f3n de alimentos en espacios cerrados.<\/p>\n\n\n\n<blockquote class=\"wp-block-quote is-layout-flow wp-block-quote-is-layout-flow\"><p>&#8220;<em>Ser\u00e1n peque\u00f1os recesos, solo en ese momento estar\u00edan retir\u00e1ndose la mascarilla, esto en espacios abierto<\/em>s\u201d.<\/p><\/blockquote>\n\n\n\n<p>Adem\u00e1s, no tienen autorizaci\u00f3n para consumir alimentos dentro de las aulas.<\/p>\n\n\n\n<blockquote class=\"wp-block-quote is-layout-flow wp-block-quote-is-layout-flow\"><p>&#8220;<em>Hablamos del 50 por ciento de la plantilla total, dado que nuestras aulas est\u00e1n perfectamente ventiladas, lo que permite generar corrientes de aire de manera constante<\/em>.<\/p><\/blockquote>\n\n\n\n<blockquote class=\"wp-block-quote is-layout-flow wp-block-quote-is-layout-flow\"><p><em>Por turno 700 alumnos y vespertino 600, hoy en d\u00eda tenemos 400 alumnos<\/em>&#8220;, coment\u00f3.<\/p><\/blockquote>\n\n\n\n<p>E inform\u00f3 que el semestre pasado, el plantel regres\u00f3 solo a actividades de talleres y laboratorios, ya que al ser un bachillerato tecnol\u00f3gico, son necesarias las pr\u00e1cticas.<\/p>\n\n\n\n<blockquote class=\"wp-block-quote is-layout-flow wp-block-quote-is-layout-flow\"><p>&#8220;<em>Desde el semestre pasado hemos trabajado de manera presencial, muy escalonado, solo asist\u00edamos a talleres y laboratorios, al ser un bachillerato tecnol\u00f3gico eran importantes las pr\u00e1cticas. Hoy ser\u00e1n todas las asignaturas<\/em>&#8220;.<\/p><\/blockquote>\n\n\n\n<p>Admiti\u00f3 que los alumnos al haber tomado sus clases virtuales, podr\u00edan presentar alg\u00fan tipo de atraso en su aprendizaje, por lo que la escuela redoblar\u00e1 esfuerzos.\u00a0<\/p>\n","protected":false},"excerpt":{"rendered":"<p>Sam Ojeda\u00a0\/ NV Noticias Xalapa.-\u00a0Tras a\u00f1o y medio de pandemia por covid-19, los alumnos del\u00a0CBTIS 165 \u201cLeona Vicario\u201d en el municipio de Coatepec\u00a0volvieron a clases presenciales.\u00a0 El director del plantel, Carlos Enrique Armas Montoro,\u00a0dijo que regresaron a las aulas el 50 por ciento de la plantilla de alumnos, es decir, alrededor de 400 estudiantes. Explic\u00f3 [&hellip;]<\/p>\n","protected":false},"author":8,"featured_media":41760,"comment_status":"open","ping_status":"open","sticky":false,"template":"","format":"standard","meta":{"_monsterinsights_skip_tracking":false,"_monsterinsights_sitenote_active":false,"_monsterinsights_sitenote_note":"","_monsterinsights_sitenote_category":0,"footnotes":""},"categories":[156],"tags":[10645,1632,2012],"class_list":["post-41757","post","type-post","status-publish","format-standard","has-post-thumbnail","hentry","category-estado","tag-cbtis","tag-clases","tag-coatepec","wp-image-borders"],"amp_enabled":true,"_links":{"self":[{"href":"https:\/\/nvnoticias.mx\/index.php\/wp-json\/wp\/v2\/posts\/41757","targetHints":{"allow":["GET"]}}],"collection":[{"href":"https:\/\/nvnoticias.mx\/index.php\/wp-json\/wp\/v2\/posts"}],"about":[{"href":"https:\/\/nvnoticias.mx\/index.php\/wp-json\/wp\/v2\/types\/post"}],"author":[{"embeddable":true,"href":"https:\/\/nvnoticias.mx\/index.php\/wp-json\/wp\/v2\/users\/8"}],"replies":[{"embeddable":true,"href":"https:\/\/nvnoticias.mx\/index.php\/wp-json\/wp\/v2\/comments?post=41757"}],"version-history":[{"count":1,"href":"https:\/\/nvnoticias.mx\/index.php\/wp-json\/wp\/v2\/posts\/41757\/revisions"}],"predecessor-version":[{"id":41761,"href":"https:\/\/nvnoticias.mx\/index.php\/wp-json\/wp\/v2\/posts\/41757\/revisions\/41761"}],"wp:featuredmedia":[{"embeddable":true,"href":"https:\/\/nvnoticias.mx\/index.php\/wp-json\/wp\/v2\/media\/41760"}],"wp:attachment":[{"href":"https:\/\/nvnoticias.mx\/index.php\/wp-json\/wp\/v2\/media?parent=41757"}],"wp:term":[{"taxonomy":"category","embeddable":true,"href":"https:\/\/nvnoticias.mx\/index.php\/wp-json\/wp\/v2\/categories?post=41757"},{"taxonomy":"post_tag","embeddable":true,"href":"https:\/\/nvnoticias.mx\/index.php\/wp-json\/wp\/v2\/tags?post=41757"}],"curies":[{"name":"wp","href":"https:\/\/api.w.org\/{rel}","templated":true}]}}