{"id":41712,"date":"2022-02-21T12:23:04","date_gmt":"2022-02-21T18:23:04","guid":{"rendered":"https:\/\/nvnoticias.mx\/?p=41712"},"modified":"2022-02-21T12:23:04","modified_gmt":"2022-02-21T18:23:04","slug":"encuentran-a-pescador-que-naufrago-hace-tres-dias","status":"publish","type":"post","link":"https:\/\/nvnoticias.mx\/index.php\/2022\/02\/21\/encuentran-a-pescador-que-naufrago-hace-tres-dias\/","title":{"rendered":"Encuentran a pescador que naufrag\u00f3 hace tres d\u00edas"},"content":{"rendered":"\n<p><strong>Jes\u00fas Utrilla \/ NV Noticias<\/strong><\/p>\n\n\n\n<p>El pescador que naufrag\u00f3 el viernes fue hallado en escolleras de la zona norte de la ciudad de Veracruz.<\/p>\n\n\n\n<p>Se trata de \u00c1ngel N quien perdi\u00f3 la vida a causa de los estragos del frente fr\u00edo n\u00famero 30. Tenia 54 a\u00f1os de edad.<\/p>\n\n\n\n<p>Su esposa se\u00f1al\u00f3 que lo enterrar\u00e1n en una comunidad rumbo al Zapote, en el municipio de Alvarado.<\/p>\n\n\n\n<p>Dijo que luego de tres d\u00edas de b\u00fasqueda les llamaron por tel\u00e9fono para decirles que lo encontraron.<\/p>\n\n\n\n<blockquote class=\"wp-block-quote is-layout-flow wp-block-quote-is-layout-flow\"><p>\u201c<em>Estuvimos suplicando y pidiendo que lo encontraran que si no nos \u00edbamos a meter a las piedras. Nos hicieron una llamada por tel\u00e9fono y nos dijeron que ya apareci\u00f3<\/em>\u201d.<\/p><\/blockquote>\n\n\n\n<p>El pescador fue encontrado en las escolleras de la zona norte de la ciudad de Veracruz.<\/p>\n\n\n\n<p>Fueron los propios pescadores quienes lo hallaron en la punta de la barrera hidr\u00e1ulica.<\/p>\n\n\n\n<p>Al lugar llegaron Bomberos de Apiver, rescatistas de Proteccion Civil municipal, seguridad privada de Asipona, servicios periciales, entre otros.<\/p>\n\n\n\n<p>Los familiares arribaron al lugar a tomar conocimiento de los hechos.<\/p>\n\n\n\n<p>Agrupamiento mar\u00edtimo se interno con una embarcaci\u00f3n y mantuvo el cuerpo en la orilla hasta que Servicios Periciales lo levant\u00f3.<\/p>\n\n\n\n<p>Cabe recordar que naufrag\u00f3 el viernes cuando la lancha tuvo una falla de motor y \u00e9l junto con dos compa\u00f1eros quedaron a la deriva ante el alto oleaje.<\/p>\n","protected":false},"excerpt":{"rendered":"<p>Jes\u00fas Utrilla \/ NV Noticias El pescador que naufrag\u00f3 el viernes fue hallado en escolleras de la zona norte de la ciudad de Veracruz. Se trata de \u00c1ngel N quien perdi\u00f3 la vida a causa de los estragos del frente fr\u00edo n\u00famero 30. Tenia 54 a\u00f1os de edad. Su esposa se\u00f1al\u00f3 que lo enterrar\u00e1n en [&hellip;]<\/p>\n","protected":false},"author":8,"featured_media":41719,"comment_status":"open","ping_status":"open","sticky":false,"template":"","format":"standard","meta":{"_monsterinsights_skip_tracking":false,"_monsterinsights_sitenote_active":false,"_monsterinsights_sitenote_note":"","_monsterinsights_sitenote_category":0,"footnotes":""},"categories":[154],"tags":[10632,1613],"class_list":["post-41712","post","type-post","status-publish","format-standard","has-post-thumbnail","hentry","category-veracruz","tag-naufrago-2","tag-pescador","wp-image-borders"],"amp_enabled":true,"_links":{"self":[{"href":"https:\/\/nvnoticias.mx\/index.php\/wp-json\/wp\/v2\/posts\/41712","targetHints":{"allow":["GET"]}}],"collection":[{"href":"https:\/\/nvnoticias.mx\/index.php\/wp-json\/wp\/v2\/posts"}],"about":[{"href":"https:\/\/nvnoticias.mx\/index.php\/wp-json\/wp\/v2\/types\/post"}],"author":[{"embeddable":true,"href":"https:\/\/nvnoticias.mx\/index.php\/wp-json\/wp\/v2\/users\/8"}],"replies":[{"embeddable":true,"href":"https:\/\/nvnoticias.mx\/index.php\/wp-json\/wp\/v2\/comments?post=41712"}],"version-history":[{"count":1,"href":"https:\/\/nvnoticias.mx\/index.php\/wp-json\/wp\/v2\/posts\/41712\/revisions"}],"predecessor-version":[{"id":41720,"href":"https:\/\/nvnoticias.mx\/index.php\/wp-json\/wp\/v2\/posts\/41712\/revisions\/41720"}],"wp:featuredmedia":[{"embeddable":true,"href":"https:\/\/nvnoticias.mx\/index.php\/wp-json\/wp\/v2\/media\/41719"}],"wp:attachment":[{"href":"https:\/\/nvnoticias.mx\/index.php\/wp-json\/wp\/v2\/media?parent=41712"}],"wp:term":[{"taxonomy":"category","embeddable":true,"href":"https:\/\/nvnoticias.mx\/index.php\/wp-json\/wp\/v2\/categories?post=41712"},{"taxonomy":"post_tag","embeddable":true,"href":"https:\/\/nvnoticias.mx\/index.php\/wp-json\/wp\/v2\/tags?post=41712"}],"curies":[{"name":"wp","href":"https:\/\/api.w.org\/{rel}","templated":true}]}}