{"id":41686,"date":"2022-02-21T11:39:16","date_gmt":"2022-02-21T17:39:16","guid":{"rendered":"https:\/\/nvnoticias.mx\/?p=41686"},"modified":"2022-02-21T11:39:17","modified_gmt":"2022-02-21T17:39:17","slug":"crisis-interna-en-el-partido-popular-espanol","status":"publish","type":"post","link":"https:\/\/nvnoticias.mx\/index.php\/2022\/02\/21\/crisis-interna-en-el-partido-popular-espanol\/","title":{"rendered":"Crisis Interna en el Partido Popular Espa\u00f1ol"},"content":{"rendered":"\n<p class=\"has-text-align-right\"><strong>Edgard Gonz\u00e1lez Su\u00e1rez<\/strong><\/p>\n\n\n\n<p>En esta ocasi\u00f3n daremos una mirada internacional, no para hablar del conflicto entre Ucrania y Rusia, sino uno de igual tama\u00f1o y calado, para el mundo hispano, y la Europa occidental. Me refiero al <em>\u201czipi-zape<\/em>\u201d protagonizado por las alas moderada y radical de la derecha espa\u00f1ola, que se vieron enfrentados a tal punto, que m\u00e1s de 5000 simpatizantes madrile\u00f1os fueron a la sede del Partido Popular ha exigir la salida y Pablo Casado, presidente del partido y de Teodoro Garc\u00eda Egea, secretario general, de ese partido. Convirtiendo la movilizaci\u00f3n en un abierto desaf\u00edo para la dirigencia del PP, y un apoyo incondicional para la presidenta de la comunidad de Madrid Isabel Diaz Ayuso.<\/p>\n\n\n\n<p>Pero por qu\u00e9 pudiera ser de inter\u00e9s nacional lo que sucede en la pol\u00edtica espa\u00f1ola. Seg\u00fan lo veo yo, por varias razones:<\/p>\n\n\n\n<ol class=\"wp-block-list\" type=\"1\"><li>En Espa\u00f1a gobierna una coalici\u00f3n de izquierdas, encabezada por el PSOE, Unidas PODEMOS, y los partidos de Izquierda Republicana de Catalu\u00f1a, y los Nacionalistas Vascos. Este suceso, transform\u00f3 de facto al r\u00e9gimen pol\u00edtico espa\u00f1ol, que vio, desde las elecciones de 2018, como una de las fuerzas tradicionales del pacto constitucional espa\u00f1ol (1978), se ve\u00eda obligada a pactar no solo la envestidura de Pedro S\u00e1nchez, actual presidente de gobierno, sino de abrir posiciones a unidas PODEMOS en varios cargos del Estado y de la Administraci\u00f3n P\u00fablica espa\u00f1ola.<\/li><li>Esta nueva correlaci\u00f3n de fuerzas y alianzas pol\u00edticas, para la conducci\u00f3n del estado, gener\u00f3 un verdadero sisma en el tradicional partido de la derecha espa\u00f1ola, que, envuelto en toda serie de tropel\u00edas, corrupciones, e incluso asesinatos, perdi\u00f3 el favor de los espa\u00f1oles y una gran masa del electorado se corri\u00f3 a la izquierda y apoy\u00f3 a nuevas formaciones pol\u00edticas.<\/li><li>Con las pol\u00edticas p\u00fablicas puestas en marcha por la coalici\u00f3n de izquierda (reforma laboral, energ\u00e9tica, salarial, sanitaria, vivienda, etc.). La derecha se fractura por en medio, y una parte no solo conservadora, sino declaradamente antidemocr\u00e1tica, se radicaliza a la extrema derecha, dando forma a un partido que ha venido a representar a los m\u00e1s acaudalados intereses, civiles, mon\u00e1rquicos y militares, y ganando adeptos y votos en las elecciones locales en Espa\u00f1a. As\u00ed aparece VOX qu\u00e9 con un discurso intolerante, antifeminista, anti diversidad sexual, mon\u00e1rquico, anti migrantes, se ha ido colocando en el animo de la tradicional base de votos del PP.<\/li><li>En suma, el PP se qued\u00f3 atrapado en su liberalismo democr\u00e1tico, y se ha visto superado por un nacionalismo (xen\u00f3fobo) antidemocr\u00e1tico y antiliberal.<\/li><li>La crisis estall\u00f3, la semana pasada, cuando haciendo gala de sus mejores artima\u00f1as y t\u00e1cticas del manual medi\u00e1tico. Dirigieron un misil -de esos que crea y recrea la prensa- en contra de Isabel Diaz Ayuso, presidenta de la comunidad de Madrid, y clara aspirante a dirigir al PP.<\/li><li>La se\u00f1ora Ayuso, leyendo que al PP le hace falta radicalismo frente al PSOE y PODEMOS, e intuyendo que de seguir as\u00ed, VOX no solo lo sigue de cerca, sino que pudiera no estar lejos de ganar gobiernos auton\u00f3micos o incluso el Estado, intenta adelantar el Congreso del Partido en Madrid, y as\u00ed hacerse del partido en la capital espa\u00f1ola, y desde ah\u00ed, reclamar un Congreso Nacional Extraordinario del PP, y remover, de una vez y para siempre, a quienes consideran responsable de la ineficacia de la bancada del PP en el congreso de los diputados. Es decir, despedir sin aplausos a Pablo Casado.<\/li><li>El misil, faltaba m\u00e1s, consist\u00eda en un supuesto contrato m\u00e1s comisiones, que habr\u00eda recibido el hermano de la se\u00f1ora Ayuso, Tomas Diaz Ayuso, y que supuestamente habr\u00eda sido asignado, por m\u00e1s de mill\u00f3n y medio de euros, una comisi\u00f3n de cerca de 300,000 euros, la asignaci\u00f3n, seg\u00fan la dirigencia del partido, habr\u00eda sido directa para la compra de mascarillas en plena pandemia.<\/li><li>Evidentemente la tensi\u00f3n continua y aunque ambas alas del partido entendieron que esta lucha podr\u00eda perjudicarles m\u00e1s que favorecerles, al parecer reiniciaron un pacto interno, que por lo que se ve, no ser\u00e1 de largo plazo.<\/li><\/ol>\n\n\n\n<p>Por qu\u00e9 tendr\u00eda cierto inter\u00e9s, este margallate, en M\u00e9xico. Bueno, porque la derecha, cuando entra en p\u00e1nico y desesperaci\u00f3n, enloquece y es capaz de seguir un cauce extremo-radical. Porque para posicionarse en el mercado electoral es capaz de armar y difundir todas las mentiras que pueda para empa\u00f1ar la credibilidad del adversario. Porque frente a una derrota estrat\u00e9gica y un cambio de r\u00e9gimen, siempre hay sectores que a\u00f1oran el pasado, y est\u00e1n dispuestos a detener cualquier avance progresista. Porque el empresariado espa\u00f1ol est\u00e1 directamente vinculado a ciertas \u00e9lites mexicanas y por que tanto el Partido Popular y el Partido Acci\u00f3n Nacional comparten muchos puntos ideol\u00f3gicos, y ya declararon el a\u00f1o pasado, estar dispuestos a crear un mundo hispano, sin negros, sin indios, sin homosexuales, sin migrantes, y sin feministas.<\/p>\n\n\n\n<p>Insisto, cada vez que nos acerquemos al 2024, la confrontaci\u00f3n pol\u00edtica ser\u00e1 cada vez m\u00e1s virulenta.<\/p>\n","protected":false},"excerpt":{"rendered":"<p>Edgard Gonz\u00e1lez Su\u00e1rez En esta ocasi\u00f3n daremos una mirada internacional, no para hablar del conflicto entre Ucrania y Rusia, sino uno de igual tama\u00f1o y calado, para el mundo hispano, y la Europa occidental. Me refiero al \u201czipi-zape\u201d protagonizado por las alas moderada y radical de la derecha espa\u00f1ola, que se vieron enfrentados a tal [&hellip;]<\/p>\n","protected":false},"author":26,"featured_media":41691,"comment_status":"open","ping_status":"open","sticky":false,"template":"","format":"standard","meta":{"_monsterinsights_skip_tracking":false,"_monsterinsights_sitenote_active":false,"_monsterinsights_sitenote_note":"","_monsterinsights_sitenote_category":0,"footnotes":""},"categories":[242],"tags":[702],"class_list":["post-41686","post","type-post","status-publish","format-standard","has-post-thumbnail","hentry","category-macroscopio","tag-edgard-gonzalez-suarez","wp-image-borders"],"amp_enabled":true,"_links":{"self":[{"href":"https:\/\/nvnoticias.mx\/index.php\/wp-json\/wp\/v2\/posts\/41686","targetHints":{"allow":["GET"]}}],"collection":[{"href":"https:\/\/nvnoticias.mx\/index.php\/wp-json\/wp\/v2\/posts"}],"about":[{"href":"https:\/\/nvnoticias.mx\/index.php\/wp-json\/wp\/v2\/types\/post"}],"author":[{"embeddable":true,"href":"https:\/\/nvnoticias.mx\/index.php\/wp-json\/wp\/v2\/users\/26"}],"replies":[{"embeddable":true,"href":"https:\/\/nvnoticias.mx\/index.php\/wp-json\/wp\/v2\/comments?post=41686"}],"version-history":[{"count":1,"href":"https:\/\/nvnoticias.mx\/index.php\/wp-json\/wp\/v2\/posts\/41686\/revisions"}],"predecessor-version":[{"id":41692,"href":"https:\/\/nvnoticias.mx\/index.php\/wp-json\/wp\/v2\/posts\/41686\/revisions\/41692"}],"wp:featuredmedia":[{"embeddable":true,"href":"https:\/\/nvnoticias.mx\/index.php\/wp-json\/wp\/v2\/media\/41691"}],"wp:attachment":[{"href":"https:\/\/nvnoticias.mx\/index.php\/wp-json\/wp\/v2\/media?parent=41686"}],"wp:term":[{"taxonomy":"category","embeddable":true,"href":"https:\/\/nvnoticias.mx\/index.php\/wp-json\/wp\/v2\/categories?post=41686"},{"taxonomy":"post_tag","embeddable":true,"href":"https:\/\/nvnoticias.mx\/index.php\/wp-json\/wp\/v2\/tags?post=41686"}],"curies":[{"name":"wp","href":"https:\/\/api.w.org\/{rel}","templated":true}]}}