{"id":41680,"date":"2022-02-21T11:13:14","date_gmt":"2022-02-21T17:13:14","guid":{"rendered":"https:\/\/nvnoticias.mx\/?p=41680"},"modified":"2022-02-21T11:13:15","modified_gmt":"2022-02-21T17:13:15","slug":"cuelgan-mantas-en-xalapa-y-coatepec-amlo-vete-ya-dicen-los-desplegados","status":"publish","type":"post","link":"https:\/\/nvnoticias.mx\/index.php\/2022\/02\/21\/cuelgan-mantas-en-xalapa-y-coatepec-amlo-vete-ya-dicen-los-desplegados\/","title":{"rendered":"Cuelgan mantas en Xalapa y Coatepec. &#8220;AMLO vete ya&#8221;, dicen los desplegados"},"content":{"rendered":"\n<p><strong>Sam Ojeda | NV Noticias<\/strong>&nbsp;<\/p>\n\n\n\n<p>Xalapa. &#8211;&nbsp;La ma\u00f1ana de este lunes aparecieron en diversos puntos de la ciudad y municipios como Coatepec mantas con mensajes en contra del presidente Andr\u00e9s Manuel L\u00f3pez Obrador.&nbsp;&nbsp;<\/p>\n\n\n\n<p>\u00a0Con frases como \u201cAMLO vete ya\u201d o \u201cEl 10 de abril: AMLO est\u00e1s despedido\u201d, las mantas fueron colgadas en diversos puentes de la capital del estado.\u00a0\u00a0<\/p>\n\n\n\n<p>\u00a0La protesta se da d\u00edas antes de que se lleve a cabo la consulta sobre la revocaci\u00f3n de mandato del presidente de extracci\u00f3n morenista, que ha insistido en que existen ataques en su contra.\u00a0\u00a0<\/p>\n\n\n\n<p>\u00a0Las mantas tambi\u00e9n muestran otras frases como \u201cAMLO no es mi presidente\u201d, y fueron colgadas durante la madrugada de este lunes.\u00a0\u00a0<\/p>\n\n\n\n<p>\u00a0Adem\u00e1s, hay que recordar que d\u00edas antes comenzaron a aparecer espectaculares en todo el estado para apoyar la permanencia del presidente de la Rep\u00fablica.\u00a0\u00a0<\/p>\n\n\n\n<p>\u00a0Y 18 gobernadores de extracci\u00f3n morenista, entre ellos el de Veracruz, Cuitl\u00e1huac Garc\u00eda Jim\u00e9nez, publicaron un desplegado en apoyo al Presidente, que posteriormente tuvieron que bajar porque el Instituto Nacional Electoral l(INE) advirti\u00f3 que violaba la veda electoral.\u00a0<\/p>\n","protected":false},"excerpt":{"rendered":"<p>Sam Ojeda | NV Noticias&nbsp; Xalapa. &#8211;&nbsp;La ma\u00f1ana de este lunes aparecieron en diversos puntos de la ciudad y municipios como Coatepec mantas con mensajes en contra del presidente Andr\u00e9s Manuel L\u00f3pez Obrador.&nbsp;&nbsp; \u00a0Con frases como \u201cAMLO vete ya\u201d o \u201cEl 10 de abril: AMLO est\u00e1s despedido\u201d, las mantas fueron colgadas en diversos puentes de [&hellip;]<\/p>\n","protected":false},"author":6,"featured_media":41683,"comment_status":"open","ping_status":"open","sticky":false,"template":"","format":"standard","meta":{"_monsterinsights_skip_tracking":false,"_monsterinsights_sitenote_active":false,"_monsterinsights_sitenote_note":"","_monsterinsights_sitenote_category":0,"footnotes":""},"categories":[156],"tags":[188,2012,503,162,312],"class_list":["post-41680","post","type-post","status-publish","format-standard","has-post-thumbnail","hentry","category-estado","tag-amlo","tag-coatepec","tag-manifestacion","tag-portada","tag-xalapa","wp-image-borders"],"amp_enabled":true,"_links":{"self":[{"href":"https:\/\/nvnoticias.mx\/index.php\/wp-json\/wp\/v2\/posts\/41680","targetHints":{"allow":["GET"]}}],"collection":[{"href":"https:\/\/nvnoticias.mx\/index.php\/wp-json\/wp\/v2\/posts"}],"about":[{"href":"https:\/\/nvnoticias.mx\/index.php\/wp-json\/wp\/v2\/types\/post"}],"author":[{"embeddable":true,"href":"https:\/\/nvnoticias.mx\/index.php\/wp-json\/wp\/v2\/users\/6"}],"replies":[{"embeddable":true,"href":"https:\/\/nvnoticias.mx\/index.php\/wp-json\/wp\/v2\/comments?post=41680"}],"version-history":[{"count":1,"href":"https:\/\/nvnoticias.mx\/index.php\/wp-json\/wp\/v2\/posts\/41680\/revisions"}],"predecessor-version":[{"id":41681,"href":"https:\/\/nvnoticias.mx\/index.php\/wp-json\/wp\/v2\/posts\/41680\/revisions\/41681"}],"wp:featuredmedia":[{"embeddable":true,"href":"https:\/\/nvnoticias.mx\/index.php\/wp-json\/wp\/v2\/media\/41683"}],"wp:attachment":[{"href":"https:\/\/nvnoticias.mx\/index.php\/wp-json\/wp\/v2\/media?parent=41680"}],"wp:term":[{"taxonomy":"category","embeddable":true,"href":"https:\/\/nvnoticias.mx\/index.php\/wp-json\/wp\/v2\/categories?post=41680"},{"taxonomy":"post_tag","embeddable":true,"href":"https:\/\/nvnoticias.mx\/index.php\/wp-json\/wp\/v2\/tags?post=41680"}],"curies":[{"name":"wp","href":"https:\/\/api.w.org\/{rel}","templated":true}]}}