{"id":41596,"date":"2022-02-20T10:58:46","date_gmt":"2022-02-20T16:58:46","guid":{"rendered":"https:\/\/nvnoticias.mx\/?p=41596"},"modified":"2022-02-20T11:09:21","modified_gmt":"2022-02-20T17:09:21","slug":"entre-2020-y-2021-cerca-de-35-infantes-perdieron-la-batalla-contra-el-cancer","status":"publish","type":"post","link":"https:\/\/nvnoticias.mx\/index.php\/2022\/02\/20\/entre-2020-y-2021-cerca-de-35-infantes-perdieron-la-batalla-contra-el-cancer\/","title":{"rendered":"Entre 2020 y 2021 cerca de 35 infantes perdieron la batalla contra el c\u00e1ncer"},"content":{"rendered":"\n<p><strong>Jes\u00fas Utrilla | NV Noticias<\/strong><\/p>\n\n\n\n<p>Debido a que muchos hospitales fueron habilitados para la atenci\u00f3n a pacientes con Covid, hubo atenci\u00f3n tard\u00eda para los ni\u00f1os con c\u00e1ncer, incluso entre 2020 y 2021, cerca de 35 infantes perdieron la batalla contra la enfermad.<\/p>\n\n\n\n<p>Susana Lara Garc\u00eda, presidenta de la Asociaci\u00f3n Mexicana de Ayuda a Ni\u00f1os con C\u00e1ncer de Veracruz (AMANC), se\u00f1al\u00f3 que tambi\u00e9n hubo detecci\u00f3n tard\u00eda de la enfermedad, falta de medicamentos, entre otros.<\/p>\n\n\n\n<p>La activista admiti\u00f3 que fue la incidencia de fallecimientos m\u00e1s alta registrada por la asociaci\u00f3n civil.<\/p>\n\n\n\n<p>Y es que muchos padres de familia no atendieron oportunamente la salud de sus hijos, en otros casos no pudieron acudir al hospital o por la reconversi\u00f3n que hubo de nosocomios no se atendi\u00f3 como se deb\u00eda a los infantes.<\/p>\n\n\n\n<p>En otros casos se tuvo que sustituir algunos medicamentos por falta de ciertos f\u00e1rmacos lo que redujo la efectividad de los tratamientos.<\/p>\n\n\n\n<p>Record\u00f3 que la detecci\u00f3n oportuna del c\u00e1ncer es importante para salvar vidas y la tasa de sobrevida en M\u00e9xico, es del 56 por ciento, mientras que en otros pa\u00edses es del 80 por ciento.<\/p>\n\n\n\n<p>El tipo de c\u00e1ncer m\u00e1s com\u00fan que se presenta en los peque\u00f1os es la leucemia linfobl\u00e1stica aguda y los linfomas.<\/p>\n\n\n\n<p>Actualmente atienden a 124 menores, desde cero a los 18 a\u00f1os, principalmente de municipios como Catemaco, San Andr\u00e9s Tuxtla, Cosamaloapan, San Rafael y Naranjos.<\/p>\n\n\n\n<p>El a\u00f1o pasado AMANC Veracruz ten\u00eda un registro de 123 pacientes, 24 fallecieron, sin embargo, entre el 2020 y los 2021, cerca de 35 ni\u00f1os murieron por alg\u00fan tipo de enfermedad oncol\u00f3gica.<\/p>\n\n\n\n<p>Destac\u00f3 que la Torre Pedi\u00e1trica sigue siendo el punto de referencia a nivel estatal para la atenci\u00f3n de los ni\u00f1os que padecen alguna enfermedad oncol\u00f3gica.<\/p>\n","protected":false},"excerpt":{"rendered":"<p>Jes\u00fas Utrilla | NV Noticias Debido a que muchos hospitales fueron habilitados para la atenci\u00f3n a pacientes con Covid, hubo atenci\u00f3n tard\u00eda para los ni\u00f1os con c\u00e1ncer, incluso entre 2020 y 2021, cerca de 35 infantes perdieron la batalla contra la enfermad. Susana Lara Garc\u00eda, presidenta de la Asociaci\u00f3n Mexicana de Ayuda a Ni\u00f1os con [&hellip;]<\/p>\n","protected":false},"author":7,"featured_media":15270,"comment_status":"open","ping_status":"open","sticky":false,"template":"","format":"standard","meta":{"_monsterinsights_skip_tracking":false,"_monsterinsights_sitenote_active":false,"_monsterinsights_sitenote_note":"","_monsterinsights_sitenote_category":0,"footnotes":""},"categories":[154],"tags":[8681,797,3943,1016],"class_list":["post-41596","post","type-post","status-publish","format-standard","has-post-thumbnail","hentry","category-veracruz","tag-batalla","tag-cancer","tag-fallecimientos","tag-ninos","wp-image-borders"],"amp_enabled":true,"_links":{"self":[{"href":"https:\/\/nvnoticias.mx\/index.php\/wp-json\/wp\/v2\/posts\/41596","targetHints":{"allow":["GET"]}}],"collection":[{"href":"https:\/\/nvnoticias.mx\/index.php\/wp-json\/wp\/v2\/posts"}],"about":[{"href":"https:\/\/nvnoticias.mx\/index.php\/wp-json\/wp\/v2\/types\/post"}],"author":[{"embeddable":true,"href":"https:\/\/nvnoticias.mx\/index.php\/wp-json\/wp\/v2\/users\/7"}],"replies":[{"embeddable":true,"href":"https:\/\/nvnoticias.mx\/index.php\/wp-json\/wp\/v2\/comments?post=41596"}],"version-history":[{"count":3,"href":"https:\/\/nvnoticias.mx\/index.php\/wp-json\/wp\/v2\/posts\/41596\/revisions"}],"predecessor-version":[{"id":41600,"href":"https:\/\/nvnoticias.mx\/index.php\/wp-json\/wp\/v2\/posts\/41596\/revisions\/41600"}],"wp:featuredmedia":[{"embeddable":true,"href":"https:\/\/nvnoticias.mx\/index.php\/wp-json\/wp\/v2\/media\/15270"}],"wp:attachment":[{"href":"https:\/\/nvnoticias.mx\/index.php\/wp-json\/wp\/v2\/media?parent=41596"}],"wp:term":[{"taxonomy":"category","embeddable":true,"href":"https:\/\/nvnoticias.mx\/index.php\/wp-json\/wp\/v2\/categories?post=41596"},{"taxonomy":"post_tag","embeddable":true,"href":"https:\/\/nvnoticias.mx\/index.php\/wp-json\/wp\/v2\/tags?post=41596"}],"curies":[{"name":"wp","href":"https:\/\/api.w.org\/{rel}","templated":true}]}}