{"id":41551,"date":"2022-02-19T12:42:49","date_gmt":"2022-02-19T18:42:49","guid":{"rendered":"https:\/\/nvnoticias.mx\/?p=41551"},"modified":"2022-02-19T12:42:50","modified_gmt":"2022-02-19T18:42:50","slug":"revela-lilly-tellez-que-se-lanzara-como-candidata-presidencial-para-2024","status":"publish","type":"post","link":"https:\/\/nvnoticias.mx\/index.php\/2022\/02\/19\/revela-lilly-tellez-que-se-lanzara-como-candidata-presidencial-para-2024\/","title":{"rendered":"Revela Lilly T\u00e9llez que se lanzar\u00e1 como candidata presidencial para 2024"},"content":{"rendered":"\n<p><strong>Lilly T\u00e9llez<\/strong>, senadora por el estado de Sonora,&nbsp;<strong>se destap\u00f3 para lanzarse como candidata presidencial para 2024.&nbsp;<\/strong>En un&nbsp;<em>space<\/em>&nbsp;realizado en&nbsp;<em>Twitter&nbsp;<\/em>la legisladora indic\u00f3 tambi\u00e9n que llevar\u00eda a la c\u00e1rcel a Andr\u00e9s Manuel L\u00f3pez Obrador y su gabinete como un acto de justicia.<\/p>\n\n\n\n<p>\u2018\u2019No estaba en mis planes entrar a la pol\u00edtica, si yo fuera presidente no hay nada que me gustar\u00eda m\u00e1s que\u00a0<strong>meter a prisi\u00f3n a L\u00f3pez Obrador, a su gabinete<\/strong>\u00a0y a otras personas. Pero yo no lo veo como un acto de venganza, sino como un elemental, fundamental y muy necesario acto de justicia\u2019&#8217;, dijo T\u00e9llez.<\/p>\n\n\n\n<p>La legisladora asegur\u00f3 que se siente capaz de derrotar a\u00a0<strong>Claudia Sheinbaum,<\/strong>\u00a0una de las favoritas de AMLO para la presidencia en 2024.<\/p>\n\n\n\n<p>\u201cSi hay que entrarle, pues hay que entrarle y no me puedo ahorita hacer a un lado si puedo contribuir ante lo que estoy viendo\u201d, a\u00f1adi\u00f3. T\u00e9llez explic\u00f3 que el pa\u00eds debe ser conducido con trabajo en equipo y no como AMLO, que piensa que puede gobernar a un pa\u00eds tan complejo \u00e9l solo.<\/p>\n\n\n\n<p>El conversatorio fue organizado por la Sociedad Civil M\u00e9xico, espacio al que se conectaron 7mil 700 personas.<\/p>\n\n\n\n<p><strong>T\u00e9llez&nbsp;<\/strong>inform\u00f3 este viernes que&nbsp;<strong>dio positivo a COVID-19, tres d\u00edas despu\u00e9s de hacer uso de la tribuna del Senado de la Rep\u00fablica sin portar cubrebocas ni guardar una distancia de 1.5 metros de sus compa\u00f1eros de partido.<\/strong><\/p>\n\n\n\n<p>Mediante su cuenta de Twitter, la exmorenista se\u00f1al\u00f3 que permanecer\u00e1 en casa hasta recuperarse de la enfermedad.<\/p>\n\n\n\n<p><strong>\u201cTengo COVID, me guardar\u00e9 en casa para recuperarme<\/strong>. No he perdido el antojo por los chocolates y eso seguro es buen s\u00edntoma\u201d, escribi\u00f3.<\/p>\n\n\n\n<p>Fuente: El financiero<\/p>\n","protected":false},"excerpt":{"rendered":"<p>Lilly T\u00e9llez, senadora por el estado de Sonora,&nbsp;se destap\u00f3 para lanzarse como candidata presidencial para 2024.&nbsp;En un&nbsp;space&nbsp;realizado en&nbsp;Twitter&nbsp;la legisladora indic\u00f3 tambi\u00e9n que llevar\u00eda a la c\u00e1rcel a Andr\u00e9s Manuel L\u00f3pez Obrador y su gabinete como un acto de justicia. \u2018\u2019No estaba en mis planes entrar a la pol\u00edtica, si yo fuera presidente no hay nada [&hellip;]<\/p>\n","protected":false},"author":35,"featured_media":1079,"comment_status":"open","ping_status":"open","sticky":false,"template":"","format":"standard","meta":{"_monsterinsights_skip_tracking":false,"_monsterinsights_sitenote_active":false,"_monsterinsights_sitenote_note":"","_monsterinsights_sitenote_category":0,"footnotes":""},"categories":[158],"tags":[563,10581,745,6350],"class_list":["post-41551","post","type-post","status-publish","format-standard","has-post-thumbnail","hentry","category-politica","tag-candidata","tag-lanzara","tag-lilly-tellez","tag-presidencial","wp-image-borders"],"amp_enabled":true,"_links":{"self":[{"href":"https:\/\/nvnoticias.mx\/index.php\/wp-json\/wp\/v2\/posts\/41551","targetHints":{"allow":["GET"]}}],"collection":[{"href":"https:\/\/nvnoticias.mx\/index.php\/wp-json\/wp\/v2\/posts"}],"about":[{"href":"https:\/\/nvnoticias.mx\/index.php\/wp-json\/wp\/v2\/types\/post"}],"author":[{"embeddable":true,"href":"https:\/\/nvnoticias.mx\/index.php\/wp-json\/wp\/v2\/users\/35"}],"replies":[{"embeddable":true,"href":"https:\/\/nvnoticias.mx\/index.php\/wp-json\/wp\/v2\/comments?post=41551"}],"version-history":[{"count":1,"href":"https:\/\/nvnoticias.mx\/index.php\/wp-json\/wp\/v2\/posts\/41551\/revisions"}],"predecessor-version":[{"id":41552,"href":"https:\/\/nvnoticias.mx\/index.php\/wp-json\/wp\/v2\/posts\/41551\/revisions\/41552"}],"wp:featuredmedia":[{"embeddable":true,"href":"https:\/\/nvnoticias.mx\/index.php\/wp-json\/wp\/v2\/media\/1079"}],"wp:attachment":[{"href":"https:\/\/nvnoticias.mx\/index.php\/wp-json\/wp\/v2\/media?parent=41551"}],"wp:term":[{"taxonomy":"category","embeddable":true,"href":"https:\/\/nvnoticias.mx\/index.php\/wp-json\/wp\/v2\/categories?post=41551"},{"taxonomy":"post_tag","embeddable":true,"href":"https:\/\/nvnoticias.mx\/index.php\/wp-json\/wp\/v2\/tags?post=41551"}],"curies":[{"name":"wp","href":"https:\/\/api.w.org\/{rel}","templated":true}]}}