{"id":41462,"date":"2022-02-18T19:37:14","date_gmt":"2022-02-19T01:37:14","guid":{"rendered":"https:\/\/nvnoticias.mx\/?p=41462"},"modified":"2022-02-18T19:37:15","modified_gmt":"2022-02-19T01:37:15","slug":"eventos-con-arma-de-fuego-registrados-en-diversos-puntos-de-veracruz-son-falsos-ssp","status":"publish","type":"post","link":"https:\/\/nvnoticias.mx\/index.php\/2022\/02\/18\/eventos-con-arma-de-fuego-registrados-en-diversos-puntos-de-veracruz-son-falsos-ssp\/","title":{"rendered":"Eventos con arma de fuego registrados en diversos puntos de Veracruz, son falsos: SSP"},"content":{"rendered":"\n<p>Diversas publicaciones en redes sociales dieron a conocer supuestas balaceras en diferentes lugares de la ciudad de Veracruz. <\/p>\n\n\n\n<p>Con relaci\u00f3n a estas publicaciones que circulan en redes sociales sobre supuestos eventos con arma de fuego registrados en diversos puntos de la ciudad de Veracruz, la Secretar\u00eda de Seguridad P\u00fablica, mediante sus redes sociales, aclara que dicha informaci\u00f3n es falsa.<\/p>\n\n\n\n<p>Asimismo precisa que este viernes, derivado de un accidente vial suscitado sobre la avenida Cuauht\u00e9moc, los efectivos acudieron al sitio para auxiliar en la detenci\u00f3n de un presunto implicado, sin embargo, \u00e9ste escap\u00f3 del lugar, por lo que se inici\u00f3 una persecuci\u00f3n.<\/p>\n\n\n\n<p>Cabe destacar que los eventos fueron atendidos por personal de la Polic\u00eda Estatal, en coordinaci\u00f3n con Tr\u00e1nsito Municipal y Cruz Roja quienes auxiliaron a las personas lesionadas. <\/p>\n\n\n\n<p>La secretar\u00eda estatal exhorta a la ciudadan\u00eda atender informaci\u00f3n oficial y las recomendaciones emitidas por las instancias autorizadas.<\/p>\n","protected":false},"excerpt":{"rendered":"<p>Diversas publicaciones en redes sociales dieron a conocer supuestas balaceras en diferentes lugares de la ciudad de Veracruz. Con relaci\u00f3n a estas publicaciones que circulan en redes sociales sobre supuestos eventos con arma de fuego registrados en diversos puntos de la ciudad de Veracruz, la Secretar\u00eda de Seguridad P\u00fablica, mediante sus redes sociales, aclara que [&hellip;]<\/p>\n","protected":false},"author":8,"featured_media":41463,"comment_status":"open","ping_status":"open","sticky":false,"template":"","format":"standard","meta":{"_monsterinsights_skip_tracking":false,"_monsterinsights_sitenote_active":false,"_monsterinsights_sitenote_note":"","_monsterinsights_sitenote_category":0,"footnotes":""},"categories":[154],"tags":[548,180],"class_list":["post-41462","post","type-post","status-publish","format-standard","has-post-thumbnail","hentry","category-veracruz","tag-ssp","tag-veracruz","wp-image-borders"],"amp_enabled":true,"_links":{"self":[{"href":"https:\/\/nvnoticias.mx\/index.php\/wp-json\/wp\/v2\/posts\/41462","targetHints":{"allow":["GET"]}}],"collection":[{"href":"https:\/\/nvnoticias.mx\/index.php\/wp-json\/wp\/v2\/posts"}],"about":[{"href":"https:\/\/nvnoticias.mx\/index.php\/wp-json\/wp\/v2\/types\/post"}],"author":[{"embeddable":true,"href":"https:\/\/nvnoticias.mx\/index.php\/wp-json\/wp\/v2\/users\/8"}],"replies":[{"embeddable":true,"href":"https:\/\/nvnoticias.mx\/index.php\/wp-json\/wp\/v2\/comments?post=41462"}],"version-history":[{"count":1,"href":"https:\/\/nvnoticias.mx\/index.php\/wp-json\/wp\/v2\/posts\/41462\/revisions"}],"predecessor-version":[{"id":41464,"href":"https:\/\/nvnoticias.mx\/index.php\/wp-json\/wp\/v2\/posts\/41462\/revisions\/41464"}],"wp:featuredmedia":[{"embeddable":true,"href":"https:\/\/nvnoticias.mx\/index.php\/wp-json\/wp\/v2\/media\/41463"}],"wp:attachment":[{"href":"https:\/\/nvnoticias.mx\/index.php\/wp-json\/wp\/v2\/media?parent=41462"}],"wp:term":[{"taxonomy":"category","embeddable":true,"href":"https:\/\/nvnoticias.mx\/index.php\/wp-json\/wp\/v2\/categories?post=41462"},{"taxonomy":"post_tag","embeddable":true,"href":"https:\/\/nvnoticias.mx\/index.php\/wp-json\/wp\/v2\/tags?post=41462"}],"curies":[{"name":"wp","href":"https:\/\/api.w.org\/{rel}","templated":true}]}}