{"id":41389,"date":"2022-02-18T13:40:54","date_gmt":"2022-02-18T19:40:54","guid":{"rendered":"https:\/\/nvnoticias.mx\/?p=41389"},"modified":"2022-02-18T13:40:56","modified_gmt":"2022-02-18T19:40:56","slug":"aumentaron-los-problemas-dentales-porque-la-gente-no-acude-al-dentista","status":"publish","type":"post","link":"https:\/\/nvnoticias.mx\/index.php\/2022\/02\/18\/aumentaron-los-problemas-dentales-porque-la-gente-no-acude-al-dentista\/","title":{"rendered":"Aumentaron los problemas dentales porque la gente no acude al dentista"},"content":{"rendered":"\n<p><strong>Jes\u00fas Utrilla \/ NV Noticias<\/strong><\/p>\n\n\n\n<p>La caries es el padecimiento bucal m\u00e1s recurrente entre los veracruzanos y la incidencia creci\u00f3 porque las personas sienten temor de acudir al dentista ante el COVID, se\u00f1al\u00f3 Laura Roesch Ramos, directora de la Facultad de Odontolog\u00eda region Veracruz.<\/p>\n\n\n\n<p>Mucho tiene que ver con la mala higiene bucal y la alimentaci\u00f3n cargada de az\u00facares, aunque tambi\u00e9n en los dos \u00faltimos dos a\u00f1os de pandemia muchas personas dejaron de asistir a consulta dental por temor a contagiarse.<\/p>\n\n\n\n<p>Agreg\u00f3 que en problemas bucales es m\u00e1s barato prevenir que rehabilitar o restaurar.<\/p>\n\n\n\n<blockquote class=\"wp-block-quote is-layout-flow wp-block-quote-is-layout-flow\"><p>\u201c<em>Entonces si empezamos a trabajar con la prevenci\u00f3n, todo puede quedar en una limpieza, en una aplicaci\u00f3n de fl\u00faor y en aplicaci\u00f3n de selladores porque si hablamos ya de un nivel de restauraci\u00f3n pues si obviamente el costo va a aumentar<\/em>\u201d.<\/p><\/blockquote>\n\n\n\n<p>En la facultad de Odontolog\u00eda no hay consultas por la pandemia, sin embargo, a la gente se le ateo de en el Centro de Estudios y Servicios en Salud de la Universidad Veracruzana, con previa cita y con los cuidados pertinentes.<\/p>\n\n\n\n<blockquote class=\"wp-block-quote is-layout-flow wp-block-quote-is-layout-flow\"><p>\u201c<em>Realizamos trabajos de cl\u00ednicas con los pacientes, se hacen tratamientos dentales. Por la pandemia no estamos ofreciendo servicio al p\u00fablico pero nuestros pasantes est\u00e1n trabajando en el centro donde si hay atenci\u00f3n a la poblaci\u00f3n\u201d<\/em>.\u00a0<\/p><\/blockquote>\n\n\n\n<p>Recomend\u00f3 procurar el cepillado de dentadura tres veces al d\u00eda y asistir a revisiones bucales dos veces al a\u00f1o.<\/p>\n","protected":false},"excerpt":{"rendered":"<p>Jes\u00fas Utrilla \/ NV Noticias La caries es el padecimiento bucal m\u00e1s recurrente entre los veracruzanos y la incidencia creci\u00f3 porque las personas sienten temor de acudir al dentista ante el COVID, se\u00f1al\u00f3 Laura Roesch Ramos, directora de la Facultad de Odontolog\u00eda region Veracruz. Mucho tiene que ver con la mala higiene bucal y la [&hellip;]<\/p>\n","protected":false},"author":8,"featured_media":41390,"comment_status":"open","ping_status":"open","sticky":false,"template":"","format":"standard","meta":{"_monsterinsights_skip_tracking":false,"_monsterinsights_sitenote_active":false,"_monsterinsights_sitenote_note":"","_monsterinsights_sitenote_category":0,"footnotes":""},"categories":[154],"tags":[10491,1186,10492],"class_list":["post-41389","post","type-post","status-publish","format-standard","has-post-thumbnail","hentry","category-veracruz","tag-caries","tag-dentista","tag-problemas-dentales","wp-image-borders"],"amp_enabled":true,"_links":{"self":[{"href":"https:\/\/nvnoticias.mx\/index.php\/wp-json\/wp\/v2\/posts\/41389","targetHints":{"allow":["GET"]}}],"collection":[{"href":"https:\/\/nvnoticias.mx\/index.php\/wp-json\/wp\/v2\/posts"}],"about":[{"href":"https:\/\/nvnoticias.mx\/index.php\/wp-json\/wp\/v2\/types\/post"}],"author":[{"embeddable":true,"href":"https:\/\/nvnoticias.mx\/index.php\/wp-json\/wp\/v2\/users\/8"}],"replies":[{"embeddable":true,"href":"https:\/\/nvnoticias.mx\/index.php\/wp-json\/wp\/v2\/comments?post=41389"}],"version-history":[{"count":1,"href":"https:\/\/nvnoticias.mx\/index.php\/wp-json\/wp\/v2\/posts\/41389\/revisions"}],"predecessor-version":[{"id":41391,"href":"https:\/\/nvnoticias.mx\/index.php\/wp-json\/wp\/v2\/posts\/41389\/revisions\/41391"}],"wp:featuredmedia":[{"embeddable":true,"href":"https:\/\/nvnoticias.mx\/index.php\/wp-json\/wp\/v2\/media\/41390"}],"wp:attachment":[{"href":"https:\/\/nvnoticias.mx\/index.php\/wp-json\/wp\/v2\/media?parent=41389"}],"wp:term":[{"taxonomy":"category","embeddable":true,"href":"https:\/\/nvnoticias.mx\/index.php\/wp-json\/wp\/v2\/categories?post=41389"},{"taxonomy":"post_tag","embeddable":true,"href":"https:\/\/nvnoticias.mx\/index.php\/wp-json\/wp\/v2\/tags?post=41389"}],"curies":[{"name":"wp","href":"https:\/\/api.w.org\/{rel}","templated":true}]}}