{"id":41248,"date":"2022-02-17T15:21:48","date_gmt":"2022-02-17T21:21:48","guid":{"rendered":"https:\/\/nvnoticias.mx\/?p=41248"},"modified":"2022-02-17T15:21:48","modified_gmt":"2022-02-17T21:21:48","slug":"habra-viento-del-norte-este-viernes-con-rachas-maximas-de-80-a-95-km-hr","status":"publish","type":"post","link":"https:\/\/nvnoticias.mx\/index.php\/2022\/02\/17\/habra-viento-del-norte-este-viernes-con-rachas-maximas-de-80-a-95-km-hr\/","title":{"rendered":"Habr\u00e1 viento del norte este viernes con rachas m\u00e1ximas de 80 a 95 km\/hr"},"content":{"rendered":"\n<p><strong>Jes\u00fas Utrilla \/ NV Noticias<\/strong><\/p>\n\n\n\n<p>A partir del viernes el municipio de Veracruz tendr\u00e1 viento del norte intenso con rachas m\u00e1ximas de 80 a 95 kil\u00f3metros por hora.<\/p>\n\n\n\n<p>El pico m\u00e1s alto ser\u00e1 por la tarde-noche, por lo que la Unidad de Protecci\u00f3n Civil exhort\u00f3 a la poblaci\u00f3n a tomar precauciones.<\/p>\n\n\n\n<p>Habr\u00e1 un descenso marcado de la temperatura y el Frente Fr\u00edo No. 30 provocar\u00e1 lluvia.<\/p>\n\n\n\n<p>Protecci\u00f3n Civil exhort\u00f3 a sujetar todo aquello que pueda salir proyectado como techos de l\u00e1mina y espectaculares.<\/p>\n\n\n\n<p>Pero tambi\u00e9n objetos de menor dimensi\u00f3n que est\u00e9n en los patios o azoteas ya que el viento los podr\u00eda aventar como proyectiles y causar un accidente.&nbsp;<\/p>\n\n\n\n<p>Ser\u00e1 importante estar al pendiente de las actualizaciones del tiempo ya que los pron\u00f3sticos son cambiantes.&nbsp;<\/p>\n\n\n\n<p>Pidi\u00f3 que si no se tiene la necesidad de salir de casa, no se haga.<\/p>\n\n\n\n<p>En caso de registrarse alguna emergencia, el Gobierno Municipal de Veracruz puso a disposici\u00f3n de la ciudadan\u00eda los siguientes tel\u00e9fonos: 2292002270, 2292002271 y el 911.<\/p>\n","protected":false},"excerpt":{"rendered":"<p>Jes\u00fas Utrilla \/ NV Noticias A partir del viernes el municipio de Veracruz tendr\u00e1 viento del norte intenso con rachas m\u00e1ximas de 80 a 95 kil\u00f3metros por hora. El pico m\u00e1s alto ser\u00e1 por la tarde-noche, por lo que la Unidad de Protecci\u00f3n Civil exhort\u00f3 a la poblaci\u00f3n a tomar precauciones. Habr\u00e1 un descenso marcado [&hellip;]<\/p>\n","protected":false},"author":8,"featured_media":41249,"comment_status":"open","ping_status":"open","sticky":false,"template":"","format":"standard","meta":{"_monsterinsights_skip_tracking":false,"_monsterinsights_sitenote_active":false,"_monsterinsights_sitenote_note":"","_monsterinsights_sitenote_category":0,"footnotes":""},"categories":[154],"tags":[267,162,2257,180],"class_list":["post-41248","post","type-post","status-publish","format-standard","has-post-thumbnail","hentry","category-veracruz","tag-norte","tag-portada","tag-proteccion-civil","tag-veracruz","wp-image-borders"],"amp_enabled":true,"_links":{"self":[{"href":"https:\/\/nvnoticias.mx\/index.php\/wp-json\/wp\/v2\/posts\/41248","targetHints":{"allow":["GET"]}}],"collection":[{"href":"https:\/\/nvnoticias.mx\/index.php\/wp-json\/wp\/v2\/posts"}],"about":[{"href":"https:\/\/nvnoticias.mx\/index.php\/wp-json\/wp\/v2\/types\/post"}],"author":[{"embeddable":true,"href":"https:\/\/nvnoticias.mx\/index.php\/wp-json\/wp\/v2\/users\/8"}],"replies":[{"embeddable":true,"href":"https:\/\/nvnoticias.mx\/index.php\/wp-json\/wp\/v2\/comments?post=41248"}],"version-history":[{"count":1,"href":"https:\/\/nvnoticias.mx\/index.php\/wp-json\/wp\/v2\/posts\/41248\/revisions"}],"predecessor-version":[{"id":41250,"href":"https:\/\/nvnoticias.mx\/index.php\/wp-json\/wp\/v2\/posts\/41248\/revisions\/41250"}],"wp:featuredmedia":[{"embeddable":true,"href":"https:\/\/nvnoticias.mx\/index.php\/wp-json\/wp\/v2\/media\/41249"}],"wp:attachment":[{"href":"https:\/\/nvnoticias.mx\/index.php\/wp-json\/wp\/v2\/media?parent=41248"}],"wp:term":[{"taxonomy":"category","embeddable":true,"href":"https:\/\/nvnoticias.mx\/index.php\/wp-json\/wp\/v2\/categories?post=41248"},{"taxonomy":"post_tag","embeddable":true,"href":"https:\/\/nvnoticias.mx\/index.php\/wp-json\/wp\/v2\/tags?post=41248"}],"curies":[{"name":"wp","href":"https:\/\/api.w.org\/{rel}","templated":true}]}}