{"id":41234,"date":"2022-02-17T13:07:17","date_gmt":"2022-02-17T19:07:17","guid":{"rendered":"https:\/\/nvnoticias.mx\/?p=41234"},"modified":"2022-02-17T13:07:18","modified_gmt":"2022-02-17T19:07:18","slug":"karime-macias-apelara-extradicion","status":"publish","type":"post","link":"https:\/\/nvnoticias.mx\/index.php\/2022\/02\/17\/karime-macias-apelara-extradicion\/","title":{"rendered":"Karime Mac\u00edas apelar\u00e1 extradici\u00f3n"},"content":{"rendered":"\n<p><strong>Sam Ojeda\u00a0\/ NV Noticias<\/strong><\/p>\n\n\n\n<p>Xalapa.- \u00a0 Karime Mac\u00edas Tubilla, ex esposa de Javier Duarte de Ochoa, asegur\u00f3 que apelar\u00e1 la extradici\u00f3n en su contra que determin\u00f3 el juez Paul Goldspring de la Corte de Magistrados de West Minster.<\/p>\n\n\n\n<p>Dijo que la decisi\u00f3n del juez de Reino Unido est\u00e1 basada en declaraciones falsas de servidores p\u00fablicos de la Fiscal\u00eda General de Veracruz en el gobierno de Miguel \u00c1ngel Yunes Linares.<\/p>\n\n\n\n<blockquote class=\"wp-block-quote is-layout-flow wp-block-quote-is-layout-flow\"><p>\u201c<em>En M\u00e9xico el Gobierno de Miguel \u00c1ngel Yunes y su equipo se encarg\u00f3 de armar ilegal y maliciosamente esta absurda acusaci\u00f3n de fraude, lo hicieron abusando de sus cargos al grado de torturar testigos para declarar falsedades en mi contra<\/em>\u201d.\u00a0<\/p><\/blockquote>\n\n\n\n<p>En un comunicado dijo que esta decisi\u00f3n no significa que vaya a ser enviada a M\u00e9xico o que sea culpable del delito de fraude durante su desempe\u00f1o al frente del Sistema estatal para el Desarrollo Integral de la Familia (DIF).<\/p>\n\n\n\n<blockquote class=\"wp-block-quote is-layout-flow wp-block-quote-is-layout-flow\"><p>\u201c<em>La decisi\u00f3n judicial de hoy aun cuando la respeto no la comparto, de ah\u00ed que anuncio ser\u00e1 apelada por ser mi derecho y por as\u00ed considerarlo mis abogados en mi Reino Unido<\/em>\u201d.\u00a0<\/p><\/blockquote>\n\n\n\n<p>Incluso, dijo que actualmente vive con sus hijos en una situaci\u00f3n econ\u00f3mica \u201ccr\u00edtica\u201d, lejana a las afirmaciones del ex gobernador Miguel \u00c1ngel Yunes.\u00a0<\/p>\n\n\n\n<blockquote class=\"wp-block-quote is-layout-flow wp-block-quote-is-layout-flow\"><p>\u201c<em>Es lejana a lo que maquiav\u00e9licamente Yunes le hizo creer a la sociedad, a partir de una campa\u00f1a multimillonaria que lanz\u00f3 en mi contra para vestirme de villan\u00eda, generando as\u00ed una imagen que no me corresponde, ese da\u00f1o ya est\u00e1 hecho y s\u00e9 que es muy dif\u00edcil revertirlo<\/em>\u201d. \u00a0<\/p><\/blockquote>\n","protected":false},"excerpt":{"rendered":"<p>Sam Ojeda\u00a0\/ NV Noticias Xalapa.- \u00a0 Karime Mac\u00edas Tubilla, ex esposa de Javier Duarte de Ochoa, asegur\u00f3 que apelar\u00e1 la extradici\u00f3n en su contra que determin\u00f3 el juez Paul Goldspring de la Corte de Magistrados de West Minster. Dijo que la decisi\u00f3n del juez de Reino Unido est\u00e1 basada en declaraciones falsas de servidores p\u00fablicos [&hellip;]<\/p>\n","protected":false},"author":8,"featured_media":5188,"comment_status":"open","ping_status":"open","sticky":false,"template":"","format":"standard","meta":{"_monsterinsights_skip_tracking":false,"_monsterinsights_sitenote_active":false,"_monsterinsights_sitenote_note":"","_monsterinsights_sitenote_category":0,"footnotes":""},"categories":[156],"tags":[10429,1005,1546,162],"class_list":["post-41234","post","type-post","status-publish","format-standard","has-post-thumbnail","hentry","category-estado","tag-apelacion","tag-extradicion","tag-karime-macias","tag-portada","wp-image-borders"],"amp_enabled":true,"_links":{"self":[{"href":"https:\/\/nvnoticias.mx\/index.php\/wp-json\/wp\/v2\/posts\/41234","targetHints":{"allow":["GET"]}}],"collection":[{"href":"https:\/\/nvnoticias.mx\/index.php\/wp-json\/wp\/v2\/posts"}],"about":[{"href":"https:\/\/nvnoticias.mx\/index.php\/wp-json\/wp\/v2\/types\/post"}],"author":[{"embeddable":true,"href":"https:\/\/nvnoticias.mx\/index.php\/wp-json\/wp\/v2\/users\/8"}],"replies":[{"embeddable":true,"href":"https:\/\/nvnoticias.mx\/index.php\/wp-json\/wp\/v2\/comments?post=41234"}],"version-history":[{"count":1,"href":"https:\/\/nvnoticias.mx\/index.php\/wp-json\/wp\/v2\/posts\/41234\/revisions"}],"predecessor-version":[{"id":41235,"href":"https:\/\/nvnoticias.mx\/index.php\/wp-json\/wp\/v2\/posts\/41234\/revisions\/41235"}],"wp:featuredmedia":[{"embeddable":true,"href":"https:\/\/nvnoticias.mx\/index.php\/wp-json\/wp\/v2\/media\/5188"}],"wp:attachment":[{"href":"https:\/\/nvnoticias.mx\/index.php\/wp-json\/wp\/v2\/media?parent=41234"}],"wp:term":[{"taxonomy":"category","embeddable":true,"href":"https:\/\/nvnoticias.mx\/index.php\/wp-json\/wp\/v2\/categories?post=41234"},{"taxonomy":"post_tag","embeddable":true,"href":"https:\/\/nvnoticias.mx\/index.php\/wp-json\/wp\/v2\/tags?post=41234"}],"curies":[{"name":"wp","href":"https:\/\/api.w.org\/{rel}","templated":true}]}}