{"id":41231,"date":"2022-02-17T12:49:22","date_gmt":"2022-02-17T18:49:22","guid":{"rendered":"https:\/\/nvnoticias.mx\/?p=41231"},"modified":"2022-02-17T12:49:22","modified_gmt":"2022-02-17T18:49:22","slug":"reporta-imss-reduccion-de-covid-y-mejora-economica","status":"publish","type":"post","link":"https:\/\/nvnoticias.mx\/index.php\/2022\/02\/17\/reporta-imss-reduccion-de-covid-y-mejora-economica\/","title":{"rendered":"Reporta IMSS reducci\u00f3n de covid y mejora econ\u00f3mica"},"content":{"rendered":"\n<p><strong>Jes\u00fas Utrilla \/ NV Noticias<\/strong><\/p>\n\n\n\n<p>Los casos de coronavirus comenzaron a disminuir en Veracruz y se avanza en la recuperaci\u00f3n econ\u00f3mica lo que se refleja en el pago de las cuotas obrero -patronal.<\/p>\n\n\n\n<p>Lizbeth Dolores Ram\u00f3n Uscanga, titular de la Subdirecci\u00f3n Veracruz del IMSS, se\u00f1al\u00f3 que los \u00faltimos d\u00edas los n\u00fameros comenzaron a cambiar y la cantidad de pacientes contagiados es menor, aunque no especific\u00f3.<\/p>\n\n\n\n<p>Sin embargo, segur\u00f3 que las empresas est\u00e1n cumpliendo en tiempo y forma con las obligaciones que les competen.<\/p>\n\n\n\n<blockquote class=\"wp-block-quote is-layout-flow wp-block-quote-is-layout-flow\"><p>\u201c<em>Estamos teniendo buenos n\u00fameros y la verdad se est\u00e1 recuperando la econom\u00eda y eso da mayor estabilidad. En t\u00e9rminos generales se est\u00e1 controlando y es parte de las acciones que el gobierno est\u00e1 llevando a cabo<\/em>\u201d.\u00a0<\/p><\/blockquote>\n\n\n\n<p>Afirm\u00f3 que la respuesta de las empresas ante las incapacidades solicitadas por los trabajadores enfermos del virus se otorgaron sin mayor problema.&nbsp;<\/p>\n\n\n\n<p>Asimismo admiti\u00f3 que en el IMSS hubo una alta cantidad de personal contagiado durante la cuarta ola.<\/p>\n\n\n\n<blockquote class=\"wp-block-quote is-layout-flow wp-block-quote-is-layout-flow\"><p>\u201c<em>En todos lados hubo contagios pero continuamos con el protocolo y nos ayudaron a minorista y eso hizo que toda la situaci\u00f3n se vaya controlando<\/em>\u201d.\u00a0<\/p><\/blockquote>\n\n\n\n<p>Reiter\u00f3 que las condiciones comenzaron a mejorar no solamente en el tema de la salud sino tambi\u00e9n en lo econ\u00f3mico.<\/p>\n","protected":false},"excerpt":{"rendered":"<p>Jes\u00fas Utrilla \/ NV Noticias Los casos de coronavirus comenzaron a disminuir en Veracruz y se avanza en la recuperaci\u00f3n econ\u00f3mica lo que se refleja en el pago de las cuotas obrero -patronal. Lizbeth Dolores Ram\u00f3n Uscanga, titular de la Subdirecci\u00f3n Veracruz del IMSS, se\u00f1al\u00f3 que los \u00faltimos d\u00edas los n\u00fameros comenzaron a cambiar y [&hellip;]<\/p>\n","protected":false},"author":8,"featured_media":41232,"comment_status":"open","ping_status":"open","sticky":false,"template":"","format":"standard","meta":{"_monsterinsights_skip_tracking":false,"_monsterinsights_sitenote_active":false,"_monsterinsights_sitenote_note":"","_monsterinsights_sitenote_category":0,"footnotes":""},"categories":[154],"tags":[175,365,180],"class_list":["post-41231","post","type-post","status-publish","format-standard","has-post-thumbnail","hentry","category-veracruz","tag-covid-19","tag-imss","tag-veracruz","wp-image-borders"],"amp_enabled":true,"_links":{"self":[{"href":"https:\/\/nvnoticias.mx\/index.php\/wp-json\/wp\/v2\/posts\/41231","targetHints":{"allow":["GET"]}}],"collection":[{"href":"https:\/\/nvnoticias.mx\/index.php\/wp-json\/wp\/v2\/posts"}],"about":[{"href":"https:\/\/nvnoticias.mx\/index.php\/wp-json\/wp\/v2\/types\/post"}],"author":[{"embeddable":true,"href":"https:\/\/nvnoticias.mx\/index.php\/wp-json\/wp\/v2\/users\/8"}],"replies":[{"embeddable":true,"href":"https:\/\/nvnoticias.mx\/index.php\/wp-json\/wp\/v2\/comments?post=41231"}],"version-history":[{"count":1,"href":"https:\/\/nvnoticias.mx\/index.php\/wp-json\/wp\/v2\/posts\/41231\/revisions"}],"predecessor-version":[{"id":41233,"href":"https:\/\/nvnoticias.mx\/index.php\/wp-json\/wp\/v2\/posts\/41231\/revisions\/41233"}],"wp:featuredmedia":[{"embeddable":true,"href":"https:\/\/nvnoticias.mx\/index.php\/wp-json\/wp\/v2\/media\/41232"}],"wp:attachment":[{"href":"https:\/\/nvnoticias.mx\/index.php\/wp-json\/wp\/v2\/media?parent=41231"}],"wp:term":[{"taxonomy":"category","embeddable":true,"href":"https:\/\/nvnoticias.mx\/index.php\/wp-json\/wp\/v2\/categories?post=41231"},{"taxonomy":"post_tag","embeddable":true,"href":"https:\/\/nvnoticias.mx\/index.php\/wp-json\/wp\/v2\/tags?post=41231"}],"curies":[{"name":"wp","href":"https:\/\/api.w.org\/{rel}","templated":true}]}}