{"id":41226,"date":"2022-02-17T12:38:21","date_gmt":"2022-02-17T18:38:21","guid":{"rendered":"https:\/\/nvnoticias.mx\/?p=41226"},"modified":"2022-02-17T12:38:22","modified_gmt":"2022-02-17T18:38:22","slug":"veracruz-se-ubica-entre-los-primeros-estados-con-mayor-trafico-de-facturas-falsas","status":"publish","type":"post","link":"https:\/\/nvnoticias.mx\/index.php\/2022\/02\/17\/veracruz-se-ubica-entre-los-primeros-estados-con-mayor-trafico-de-facturas-falsas\/","title":{"rendered":"Veracruz se ubica entre los primeros estados con mayor tr\u00e1fico de facturas falsas"},"content":{"rendered":"\n<p><strong>Jes\u00fas Utrilla \/ NV Noticias<\/strong><\/p>\n\n\n\n<p>Veracruz se ubica entre los primeros estados con mayor tr\u00e1fico de facturas falsas, por ello contin\u00faan los esfuerzos para acabar con las operaciones il\u00edcitas. <\/p>\n\n\n\n<p>Ram\u00f3n Ortega L\u00f3pez, presidente del Colegio de Contadores P\u00fablicos de Veracruz, admiti\u00f3 que el sistema financiero tiene controles ante operaciones inusuales, al igual que el sistema bancario, sin embargo, Veracruz est\u00e1 dentro de lis primeros 10 lugares en la emisi\u00f3n de facturas falsas.<\/p>\n\n\n\n<blockquote class=\"wp-block-quote is-layout-flow wp-block-quote-is-layout-flow\"><p>\u201c<em>Veracruz est\u00e1 en el d\u00e9cimo lugar, y se est\u00e1 combatiendo, cada semana y media a dos que salen listados de esos traficantes de comprobantes fiscales, factureras, y sigue la autoridad detectando mediante el cruce de los CFDI\u201d<\/em>.<\/p><\/blockquote>\n\n\n\n<p>Se\u00f1al\u00f3 que por ello hubo cambios en el R\u00e9gimen de Incorporaci\u00f3n Fiscal al R\u00e9gimen Simplificado de Confianza (RESICO), ya que en el padr\u00f3n se encontraron irregularidades como gente fallecida, j\u00f3venes que no llegaban a los 18 a\u00f1os, robo del identidad, gente mayor de edad que necesitaba recursos, entre otros.<\/p>\n\n\n\n<p>Recomend\u00f3 verificar con los proveedores qu\u00e9 operaciones se est\u00e1n realizando y verificar los CFDI de los proveedores.<\/p>\n\n\n\n<p>En entrevista previa a su toma de protesta resalt\u00f3 que las autoridades contin\u00faan sus acciones para detectar il\u00edcitos y ponerles freno.<\/p>\n","protected":false},"excerpt":{"rendered":"<p>Jes\u00fas Utrilla \/ NV Noticias Veracruz se ubica entre los primeros estados con mayor tr\u00e1fico de facturas falsas, por ello contin\u00faan los esfuerzos para acabar con las operaciones il\u00edcitas. Ram\u00f3n Ortega L\u00f3pez, presidente del Colegio de Contadores P\u00fablicos de Veracruz, admiti\u00f3 que el sistema financiero tiene controles ante operaciones inusuales, al igual que el sistema [&hellip;]<\/p>\n","protected":false},"author":8,"featured_media":41229,"comment_status":"open","ping_status":"open","sticky":false,"template":"","format":"standard","meta":{"_monsterinsights_skip_tracking":false,"_monsterinsights_sitenote_active":false,"_monsterinsights_sitenote_note":"","_monsterinsights_sitenote_category":0,"footnotes":""},"categories":[154],"tags":[10428,180],"class_list":["post-41226","post","type-post","status-publish","format-standard","has-post-thumbnail","hentry","category-veracruz","tag-facturas-falsas","tag-veracruz","wp-image-borders"],"amp_enabled":true,"_links":{"self":[{"href":"https:\/\/nvnoticias.mx\/index.php\/wp-json\/wp\/v2\/posts\/41226","targetHints":{"allow":["GET"]}}],"collection":[{"href":"https:\/\/nvnoticias.mx\/index.php\/wp-json\/wp\/v2\/posts"}],"about":[{"href":"https:\/\/nvnoticias.mx\/index.php\/wp-json\/wp\/v2\/types\/post"}],"author":[{"embeddable":true,"href":"https:\/\/nvnoticias.mx\/index.php\/wp-json\/wp\/v2\/users\/8"}],"replies":[{"embeddable":true,"href":"https:\/\/nvnoticias.mx\/index.php\/wp-json\/wp\/v2\/comments?post=41226"}],"version-history":[{"count":1,"href":"https:\/\/nvnoticias.mx\/index.php\/wp-json\/wp\/v2\/posts\/41226\/revisions"}],"predecessor-version":[{"id":41230,"href":"https:\/\/nvnoticias.mx\/index.php\/wp-json\/wp\/v2\/posts\/41226\/revisions\/41230"}],"wp:featuredmedia":[{"embeddable":true,"href":"https:\/\/nvnoticias.mx\/index.php\/wp-json\/wp\/v2\/media\/41229"}],"wp:attachment":[{"href":"https:\/\/nvnoticias.mx\/index.php\/wp-json\/wp\/v2\/media?parent=41226"}],"wp:term":[{"taxonomy":"category","embeddable":true,"href":"https:\/\/nvnoticias.mx\/index.php\/wp-json\/wp\/v2\/categories?post=41226"},{"taxonomy":"post_tag","embeddable":true,"href":"https:\/\/nvnoticias.mx\/index.php\/wp-json\/wp\/v2\/tags?post=41226"}],"curies":[{"name":"wp","href":"https:\/\/api.w.org\/{rel}","templated":true}]}}