{"id":41148,"date":"2022-02-17T09:26:40","date_gmt":"2022-02-17T15:26:40","guid":{"rendered":"https:\/\/nvnoticias.mx\/?p=41148"},"modified":"2022-02-17T09:26:41","modified_gmt":"2022-02-17T15:26:41","slug":"se-elevan-las-tasas-en-creditos-al-consumo-a-nivel-de-hace-19-meses","status":"publish","type":"post","link":"https:\/\/nvnoticias.mx\/index.php\/2022\/02\/17\/se-elevan-las-tasas-en-creditos-al-consumo-a-nivel-de-hace-19-meses\/","title":{"rendered":"Se elevan las tasas en cr\u00e9ditos al consumo a nivel de hace 19 meses"},"content":{"rendered":"\n<p>Las tasas de inter\u00e9s en los cr\u00e9ditos de la banca muestran una tendencia al alza en los \u00faltimos meses, principalmente en la cartera al consumo, que en diciembre pasado se ubicaron en 29.2 por ciento, su mayor nivel en 19 meses.<\/p>\n\n\n\n<p>El encarecimiento del cr\u00e9dito va a tono con el inicio del ciclo restrictivo por parte del Banco de M\u00e9xico, desde junio del a\u00f1o pasado, que obliga a la banca a elevar sus tasas, lo que aunado a las presiones inflacionarias, tendr\u00eda un efecto negativo sobre el consumo, advirtieron analistas.<\/p>\n\n\n\n<p>Datos de la Comisi\u00f3n Nacional Bancaria y de Valores (CNBV) revelan que en diciembre de 2021 los cr\u00e9ditos personales tuvieron una tasa de inter\u00e9s del 30.81 por ciento, un nivel que no se ve\u00eda desde junio del 2020. A \u00e9stos le siguieron los cr\u00e9ditos de n\u00f3mina, con intereses de 25.19 por ciento, mientras que los cr\u00e9ditos automotrices registraron intereses por 13.22 por ciento.Joel Virgen, economista en jefe de Out of the Box Economics, asever\u00f3 que \u201clas presiones al alza sobre las tasas de inter\u00e9s al consumo se entienden en un contexto no solo caracterizado por un ciclo de alzas en la tasa de referencia dictado por Banxico, sino tambi\u00e9n por el reconocimiento de un entorno m\u00e1s incierto y riesgoso que afecta tanto a los oferentes como a los demandantes de cr\u00e9dito\u201d.<\/p>\n\n\n\n<p>Ernesto O\u2019Farrill, presidente de Grupo Bursam\u00e9trica, coincidi\u00f3 en que el inicio del ciclo restrictivo por parte de Banxico obliga a que los bancos tambi\u00e9n suban tasas, lo que impacta principalmente en el segmento de consumo.<\/p>\n\n\n\n<p>Las tasas altas, combinadas con la inflaci\u00f3n, provocan menos capacidad adquisitiva de la gente, lo que le pega al consumo\u201d, dijo.Am\u00edn Vera, director de an\u00e1lisis econ\u00f3mico de BW Capital, expuso que el bajo dinamismo econ\u00f3mico visto este a\u00f1o va a tener un impacto en la capacidad de pago de la poblaci\u00f3n, y el m\u00e1ximo en las tasas de inter\u00e9s al consumo es reflejo de esta situaci\u00f3n, ya que esos tipos de cr\u00e9ditos son m\u00e1s riesgosos que en otros sectores.<\/p>\n\n\n\n<p>\u201cPor un lado, la inflaci\u00f3n alta y sostenida afecta el poder de compra de los salarios, y por otro, el bajo crecimiento del PIB se va a reflejar eventualmente en un menor dinamismo del mercado laboral, por lo que al aumentar el riesgo necesariamente aumentan las tasas\u201d, abund\u00f3 el especialista.Alain Jaimes, analista econ\u00f3mico de Signum Research, consider\u00f3 que el aumento en las tasas de inter\u00e9s de los cr\u00e9ditos tiene un efecto negativo en la din\u00e1mica del consumo, \u201cya que lo tiende a disminuir, lo cual, naturalmente, afecta el impulso de la recuperaci\u00f3n y por tanto, el bienestar social\u201d.Por el contrario, Pamela D\u00edaz, economista para M\u00e9xico de BNP Paribas, indic\u00f3 que la competencia en el sector bancario ha amortiguado el impacto del canal de tasas.<\/p>\n\n\n\n<p> \u201cHay elementos que pueden tener un peso mayor sobre el dinamismo en el consumo en M\u00e9xico, como la ca\u00edda en el ingreso disponible, asociada a una mayor inflaci\u00f3n, y el deterioro en el mercado laboral\u201d, abund\u00f3.<\/p>\n\n\n\n<p>Fuente: El universal <\/p>\n","protected":false},"excerpt":{"rendered":"<p>Las tasas de inter\u00e9s en los cr\u00e9ditos de la banca muestran una tendencia al alza en los \u00faltimos meses, principalmente en la cartera al consumo, que en diciembre pasado se ubicaron en 29.2 por ciento, su mayor nivel en 19 meses. El encarecimiento del cr\u00e9dito va a tono con el inicio del ciclo restrictivo por [&hellip;]<\/p>\n","protected":false},"author":35,"featured_media":32006,"comment_status":"open","ping_status":"open","sticky":false,"template":"","format":"standard","meta":{"_monsterinsights_skip_tracking":false,"_monsterinsights_sitenote_active":false,"_monsterinsights_sitenote_note":"","_monsterinsights_sitenote_category":0,"footnotes":""},"categories":[157],"tags":[195,10388,9975],"class_list":["post-41148","post","type-post","status-publish","format-standard","has-post-thumbnail","hentry","category-nacional","tag-creditos","tag-elevan","tag-tasas","wp-image-borders"],"amp_enabled":true,"_links":{"self":[{"href":"https:\/\/nvnoticias.mx\/index.php\/wp-json\/wp\/v2\/posts\/41148","targetHints":{"allow":["GET"]}}],"collection":[{"href":"https:\/\/nvnoticias.mx\/index.php\/wp-json\/wp\/v2\/posts"}],"about":[{"href":"https:\/\/nvnoticias.mx\/index.php\/wp-json\/wp\/v2\/types\/post"}],"author":[{"embeddable":true,"href":"https:\/\/nvnoticias.mx\/index.php\/wp-json\/wp\/v2\/users\/35"}],"replies":[{"embeddable":true,"href":"https:\/\/nvnoticias.mx\/index.php\/wp-json\/wp\/v2\/comments?post=41148"}],"version-history":[{"count":3,"href":"https:\/\/nvnoticias.mx\/index.php\/wp-json\/wp\/v2\/posts\/41148\/revisions"}],"predecessor-version":[{"id":41151,"href":"https:\/\/nvnoticias.mx\/index.php\/wp-json\/wp\/v2\/posts\/41148\/revisions\/41151"}],"wp:featuredmedia":[{"embeddable":true,"href":"https:\/\/nvnoticias.mx\/index.php\/wp-json\/wp\/v2\/media\/32006"}],"wp:attachment":[{"href":"https:\/\/nvnoticias.mx\/index.php\/wp-json\/wp\/v2\/media?parent=41148"}],"wp:term":[{"taxonomy":"category","embeddable":true,"href":"https:\/\/nvnoticias.mx\/index.php\/wp-json\/wp\/v2\/categories?post=41148"},{"taxonomy":"post_tag","embeddable":true,"href":"https:\/\/nvnoticias.mx\/index.php\/wp-json\/wp\/v2\/tags?post=41148"}],"curies":[{"name":"wp","href":"https:\/\/api.w.org\/{rel}","templated":true}]}}